{"id":1378,"date":"2020-11-11T23:39:48","date_gmt":"2020-11-11T23:39:48","guid":{"rendered":"http:\/\/antoniopascotto.it\/?p=1378"},"modified":"2022-03-06T08:55:26","modified_gmt":"2022-03-06T08:55:26","slug":"la-verita","status":"publish","type":"post","link":"https:\/\/antoniopascotto.it\/?p=1378","title":{"rendered":"LA VERITA&#8217;"},"content":{"rendered":"<p>Le cose bisogna sempre dirle, costi quel che costi. O no? Dobbiamo sempre gridare al vento la verit\u00e0 oppure, quando \u00e8 il caso, fare finta di niente e rimanere in un sordo silenzio? Da giovane ho avuto pi\u00f9 di qualche rimprovero perch\u00e9, secondo molti, avevo un grosso difetto: dire sempre quel che pensavo. La verit\u00e0, il senso di giustizia, la necessit\u00e0 di non nascondersi mai erano per me fondamentali. E ancora oggi \u00e8 cos\u00ec. E ancora oggi, per gli stessi motivi di tanti anni fa, vengo rimproverato. Eppure mi sembra scontato. Ho scelto di fare il mestiere che faccio proprio per quei motivi. Certo, a volte dire le cose come stanno non risolve i problemi. Anzi, pu\u00f2 anche peggiorarli. Per\u00f2, se questo \u00e8 il prezzo da pagare, allora bisogna metterlo in preventivo e andare comunque avanti.<\/p>\n<p>Proprio in questi giorni escono in libreria due volumi. Il primo \u00e8 di Roberto Saviano. Il titolo \u00e8 <strong><em>Gridalo<\/em><\/strong>. L\u2019autore invita tutti a una riflessione attraverso una serie di storie di uomini e donne che svelano dinamiche nascoste, anche pericolose, che per\u00f2 ci mettono davanti a una serie di interrogativi. Davvero siamo ridotti a consumatori manipolati dagli algoritmi? Davvero questo \u00e8 il solo mondo possibile? Oppure, ecco la riflessione forte, potente, possiamo aprire gli occhi e gridare al mondo intero quello che non va, quello che non \u00e8 giusto, quello che si dovrebbe fare? \u00a0Saviano fa un salto indietro nel tempo, quando un uomo si ferma davanti a una scuola e vede uscire un ragazzo di sedici anni che ha davanti a se un cammino non facile. Vorrebbe poterlo aiutare ma non gli \u00e8 concesso. Per\u00f2 \u00a0pu\u00f2 raccontare i percorsi di vita di tanti personaggi che possono in qualche modo aiutare quel ragazzo oggi diventato adulto e quelli che adulti ancora non sono: Giordano Bruno, Anna Achmatova, Robert Capa, Jean Seberg, Martin Luther King, Francesca Cabrini sono solo alcuni di questi personaggi.<\/p>\n<p>Il seconto libro porta la firma dell\u2019ex direttore del Corriere della Sera Ferruccio De Bortoli. S\u2019intitola <strong><em>Le cose che non diciamo (fino in fondo), <\/em><\/strong>una radiografia della crisi italiana. Le cose che non diciamo sono quelle che ci impediscono di volgere lo sguardo verso una prospettiva migliore per il nostro Paese e per noi stessi. Spesso facciamo finta di niente, e non ci accorgiamo del danno che facciamo. De Bortoli parte dal momento difficile che stiamo attraversando, che poi diventa il punto cardine del suo scritto: la pandemia. C\u2019eravamo illusi che il peggio fosse passato, e non ci siamo accorti dei ritardi, dei mancati investimenti, della mancata preparazione di un capitale insostituibile, quello umano. Il discorso si allarga, e il libro di De Bortoli diventa un\u00a0 trattato di economia che parla di industria, scuola, posti di lavoro, liquidit\u00e0 e crisi, appunto. Le bugie non risolvono i nostri problemi e quelli della societ\u00e0. Mentre la sincerit\u00e0 e il realismo sono indispensabili.<\/p>\n<p>Ecco, due libri che, ognuno a modo suo, ci invitano a dire sempre la verit\u00e0, a dare e fare di pi\u00f9. Mentre sfoglio quasi contemporaneamente le pagine dei due volumi imito Saviano, faccio un salto indietro nel tempo e torno davanti alla scuola dove un ragazzotto \u00a0di provincia discute animatamente con un gruppo di suoi coetanei. Non ha paura di dire quello che pensa. Lo grida ai quattro venti. Forse non risolve nulla, o forse no. Ma \u00e8 convinto che mai nessuno gli impedir\u00e0 di parlare e di dire quello che pensa. Costi quel che costi.<\/p>\n<p>IMMAGINE DI COPERTINA: dipinto\u00a0la <em><strong>Verit\u00e0 che esce dal pozzo<\/strong><\/em>, Jean-L\u00e9on G\u00e9rome, 1896.<\/p>\n<p>&#8230;La Menzogna disse alla Verit\u00e0 &#8216;Facciamo un bagno insieme, l&#8217;acqua del pozzo \u00e8 molto bella&#8217; La Verit\u00e0, ancora sospettosa, prov\u00f2 l&#8217;acqua e scopri&#8217; che era davvero bella. A quel punto si spogliarono e fecero il bagno. Ma improvvisamente la Menzogna usci&#8217; dall&#8217;acqua e fuggi&#8217;, indossando i vestiti della Verit\u00e0. La Verit\u00e0, furiosa, usci&#8217; dal pozzo per riprendersi i vestiti. Ma il mondo, vedendo la Verit\u00e0 nuda, distolse lo sguardo, con rabbia e disprezzo. La povera Verit\u00e0 torn\u00f2 al pozzo e scomparve per sempre, nascondendo la sua vergogna. Da allora, la Menzogna gira per il mondo, vestita come la Verit\u00e0, soddisfacendo i bisogni della societ\u00e0&#8230;Poich\u00e9 il mondo non nutre alcun desiderio di incontrare la Verit\u00e0 nuda.<\/p>\n","protected":false},"excerpt":{"rendered":"<p>Le cose bisogna sempre dirle, costi quel che costi. O no? Dobbiamo sempre gridare al vento la verit\u00e0 oppure, quando \u00e8 il caso, fare finta di niente e rimanere in un sordo silenzio? Da giovane ho avuto pi\u00f9 di qualche rimprovero perch\u00e9, secondo molti, avevo un grosso difetto: dire sempre quel che pensavo. La verit\u00e0, [&hellip;]<\/p>\n","protected":false},"author":2,"featured_media":0,"comment_status":"open","ping_status":"open","sticky":false,"template":"","format":"image","meta":{"advanced_seo_description":"","jetpack_seo_html_title":"","jetpack_seo_noindex":false,"jetpack_post_was_ever_published":false,"_jetpack_newsletter_access":"","jetpack_publicize_message":"","jetpack_is_tweetstorm":false,"jetpack_publicize_feature_enabled":true,"jetpack_social_post_already_shared":true,"jetpack_social_options":{"image_generator_settings":{"template":"highway","enabled":false}}},"categories":[6,231],"tags":[326,97,325,56,324],"jetpack_publicize_connections":[],"jetpack_featured_media_url":"","jetpack_sharing_enabled":true,"jetpack_shortlink":"https:\/\/wp.me\/p8swp8-me","jetpack-related-posts":[{"id":1332,"url":"https:\/\/antoniopascotto.it\/?p=1332","url_meta":{"origin":1378,"position":0},"title":"IL POST DEI POST","author":"Antonio Pascotto","date":"Giugno 30, 2020","format":"image","excerpt":"Il termine post \u00e8 entrato gi\u00e0 da tempo in maniera preponderante nelle nostre vite. Per lo pi\u00f9 indica la posteriorit\u00e0 nel tempo, nel senso di \u201cpoi, pi\u00f9 tardi, dopo, ecc.\u201d. Oggi lo utilizziamo soprattutto riferendoci a un messaggio, una pubblicazione su un blog o su un social, o come commento\u2026","rel":"","context":"In &quot;Digitale&quot;","block_context":{"text":"Digitale","link":"https:\/\/antoniopascotto.it\/?cat=21"},"img":{"alt_text":"","src":"https:\/\/i0.wp.com\/antoniopascotto.it\/wp-content\/uploads\/2020\/06\/2020-06-30_110446.jpg?fit=881%2C423&ssl=1&resize=350%2C200","width":350,"height":200},"classes":[]},{"id":1625,"url":"https:\/\/antoniopascotto.it\/?p=1625","url_meta":{"origin":1378,"position":1},"title":"AL DI L\u00c0 DELL\u2019UNIVERSO","author":"Antonio Pascotto","date":"Gennaio 21, 2026","format":"image","excerpt":"Abbiamo capito che metaverso o metaverse, in inglese, significa al di l\u00e0 dell\u2019universo. Ovvero, meta, al di l\u00e0 appunto, e verso, cio\u00e8 universe, quindi universo. E non ha sbagliato Mark Zuckerberg a chiamare il suo gruppo Meta. Perch\u00e9, a detta di molti, sar\u00e0 proprio il metaverso il nostro futuro. Fatto\u2026","rel":"","context":"In &quot;Digitale&quot;","block_context":{"text":"Digitale","link":"https:\/\/antoniopascotto.it\/?cat=21"},"img":{"alt_text":"","src":"https:\/\/i0.wp.com\/antoniopascotto.it\/wp-content\/uploads\/2023\/01\/2023-01-04_212030.png?fit=992%2C446&ssl=1&resize=350%2C200","width":350,"height":200},"classes":[]},{"id":1401,"url":"https:\/\/antoniopascotto.it\/?p=1401","url_meta":{"origin":1378,"position":2},"title":"COME SI CAMBIA. ANCHE IL GIOCO","author":"Antonio Pascotto","date":"Dicembre 29, 2020","format":"image","excerpt":"Come si cambia. Anche il gioco. Anche la Lotteria Italia. Per anni \u00e8 stata un evento, atteso tutto l'anno, nella speranza che uno di noi, il pi\u00f9 fortunato, potesse diventare un supermilionario. Eravamo tutti incollati davanti al televisore, la sera del 6 gennaio, per guardare Canzonissima o Fantastico o Carramba\u2026","rel":"","context":"In &quot;Giochi&quot;","block_context":{"text":"Giochi","link":"https:\/\/antoniopascotto.it\/?cat=232"},"img":{"alt_text":"","src":"https:\/\/i0.wp.com\/antoniopascotto.it\/wp-content\/uploads\/2020\/12\/2020-12-29_103157.png?fit=952%2C452&ssl=1&resize=350%2C200","width":350,"height":200},"classes":[]},{"id":1284,"url":"https:\/\/antoniopascotto.it\/?p=1284","url_meta":{"origin":1378,"position":3},"title":"IL CIELO IN UNA STANZA","author":"Antonio Pascotto","date":"Aprile 15, 2020","format":"image","excerpt":"\u00a0 Mi guardo attorno e osservo con particolare attenzione la mia stanza come mai prima d\u2019ora. I quadri appesi al muro, le foto nelle cornici, i libri, gli appunti sulla scrivania, i computer. Ne ho pi\u00f9 di uno, e spesso sono accesi tutti nello stesso momento. Ho un bel balcone\u2026","rel":"","context":"In &quot;Digitale&quot;","block_context":{"text":"Digitale","link":"https:\/\/antoniopascotto.it\/?cat=21"},"img":{"alt_text":"","src":"https:\/\/i0.wp.com\/antoniopascotto.it\/wp-content\/uploads\/2020\/04\/2020-04-15_101148.jpg?fit=941%2C457&ssl=1&resize=350%2C200","width":350,"height":200},"classes":[]},{"id":819,"url":"https:\/\/antoniopascotto.it\/?p=819","url_meta":{"origin":1378,"position":4},"title":"DIO E IL CINEMA","author":"Antonio Pascotto","date":"Febbraio 24, 2019","format":"image","excerpt":"La mia introduzione al libro di Donato Placido e Antonio G D'Errico 'Dio e il cinema. Una vita maledetta tra cielo e terra'. Ferrari Editore. Quella che avete tra le mani non \u00e8 una semplice autobiografia. E\u2019 molto di pi\u00f9. E\u2019 il racconto di una vita, ma anche una riflessione\u2026","rel":"","context":"In &quot;Libri&quot;","block_context":{"text":"Libri","link":"https:\/\/antoniopascotto.it\/?cat=6"},"img":{"alt_text":"","src":"https:\/\/i0.wp.com\/antoniopascotto.it\/wp-content\/uploads\/2019\/02\/2019-02-24_112607.jpg?fit=601%2C327&ssl=1&resize=350%2C200","width":350,"height":200},"classes":[]},{"id":1127,"url":"https:\/\/antoniopascotto.it\/?p=1127","url_meta":{"origin":1378,"position":5},"title":"FABRIZIO, I LIBRI E IL LAVORO","author":"Antonio Pascotto","date":"Settembre 30, 2019","format":"image","excerpt":"Uno dei miei scrittori preferiti \u00e8 senza dubbio Fabrizio Falconi, amico e collega di lunga data. Lavoriamo insieme a Mediaset da quasi 27 anni. Un bel po di tempo, non c'\u00e8 che dire. Ho letto quasi tutti i suoi libri. E ho cominciato a sfogliare il suo ultimo lavoro, interessantissimo,\u2026","rel":"","context":"In &quot;Cultura&quot;","block_context":{"text":"Cultura","link":"https:\/\/antoniopascotto.it\/?cat=72"},"img":{"alt_text":"","src":"https:\/\/i0.wp.com\/antoniopascotto.it\/wp-content\/uploads\/2019\/09\/2019-09-30_082847.jpg?fit=467%2C307&ssl=1&resize=350%2C200","width":350,"height":200},"classes":[]}],"_links":{"self":[{"href":"https:\/\/antoniopascotto.it\/index.php?rest_route=\/wp\/v2\/posts\/1378"}],"collection":[{"href":"https:\/\/antoniopascotto.it\/index.php?rest_route=\/wp\/v2\/posts"}],"about":[{"href":"https:\/\/antoniopascotto.it\/index.php?rest_route=\/wp\/v2\/types\/post"}],"author":[{"embeddable":true,"href":"https:\/\/antoniopascotto.it\/index.php?rest_route=\/wp\/v2\/users\/2"}],"replies":[{"embeddable":true,"href":"https:\/\/antoniopascotto.it\/index.php?rest_route=%2Fwp%2Fv2%2Fcomments&post=1378"}],"version-history":[{"count":5,"href":"https:\/\/antoniopascotto.it\/index.php?rest_route=\/wp\/v2\/posts\/1378\/revisions"}],"predecessor-version":[{"id":1388,"href":"https:\/\/antoniopascotto.it\/index.php?rest_route=\/wp\/v2\/posts\/1378\/revisions\/1388"}],"wp:attachment":[{"href":"https:\/\/antoniopascotto.it\/index.php?rest_route=%2Fwp%2Fv2%2Fmedia&parent=1378"}],"wp:term":[{"taxonomy":"category","embeddable":true,"href":"https:\/\/antoniopascotto.it\/index.php?rest_route=%2Fwp%2Fv2%2Fcategories&post=1378"},{"taxonomy":"post_tag","embeddable":true,"href":"https:\/\/antoniopascotto.it\/index.php?rest_route=%2Fwp%2Fv2%2Ftags&post=1378"}],"curies":[{"name":"wp","href":"https:\/\/api.w.org\/{rel}","templated":true}]}}