{"id":1368,"date":"2020-10-09T11:14:05","date_gmt":"2020-10-09T11:14:05","guid":{"rendered":"http:\/\/antoniopascotto.it\/?p=1368"},"modified":"2021-11-22T00:37:14","modified_gmt":"2021-11-22T00:37:14","slug":"the-social-dilemma","status":"publish","type":"post","link":"https:\/\/antoniopascotto.it\/?p=1368","title":{"rendered":"THE SOCIAL DILEMMA"},"content":{"rendered":"<p>La tecnologia invade la nostra vita. E anche se la rende pi\u00f9 comoda, c&#8217;\u00e8 sempre qualcosa che non va. Anzi, pi\u00f9 di qualcosa. Prendiamo la privacy. Ogni nostra singola azione viene passata sotto la lente d&#8217;ingrandimento. Sia per scopi commerciali sia per fini che con l&#8217;etica non hanno proprio a che fare. Crediamo di essere noi a governare i social o gli strumenti che la Rete ci mette a disposizione. Invece gli strumenti siamo noi. Siamo la merce da vendere agli inserzionisti. Il controllo \u00e8 consapevole, anche quello delle emozioni.<br \/>\nSe ne parla in un docufilm prodotto da Netflix. S&#8217;intitola The Social Dilemma. Ironia della sorte, viene prodotto proprio da una delle aziende digitali che utilizza gli algoritmi per proporre al pubblico il suo palinsesto da consumare in qualsiasi momento si vuole, in streaming. Ma tant&#8217;\u00e9. il docufilm \u00e8 girato molto bene. Il regista Jeff Orlowski punta l&#8217;obiettivo della camera sugli stessi protagonisti che hanno contribuito a lanciare i social network e i giganti della Silicon Valley. Ex dirigenti e ingegneri di Facebook, Pinterest, Instagram e altre piattaforme.<\/p>\n<p>Su tutti emerge Tristan Harris. Ha al suo attivo una serie di studi sulle tecniche di persuasione. E&#8217; stato uno degli inventori della posta elettronica Gmail. Poi a un certo punto si \u00e8 reso conto che con il suo lavoro e quello di altri illustri colleghi stava partecipando alla trasformazione di un mondo dove c&#8217;\u00e8 sempre di pi\u00f9 il controllo delle aziende tencologiche sugli utenti.<br \/>\nNel film c&#8217;\u00e8 anche Jaron Lanier, scienziato e folosofo. Ha scritto molto sul pericolo dei social e pi\u00f9 in generale della tecnologia. Tra i suoi libri mi piace citare Tu non sei un gadget. E invece noi tutti siamo diventati dei gadget nelle mani dei colossi del Web. A a un certo punto appare Sean Parker, ex fondatore di Napster. Come gli altri spiega ch i big dei social conoscono bene la nostra psicologia e la utilizzano a loro uso e consumo.<br \/>\nThe Social Dilemma \u00e8 un docufilm che consiglio a tutti. Nel mio piccolo avevo dato un contributo simile in un paragrafo del libro Il Mondo Senza Internet. S&#8217;intitola I pentiti del Web. Presto lo pubblicher\u00f2 qui sul blog.<\/p>\n","protected":false},"excerpt":{"rendered":"<p>La tecnologia invade la nostra vita. E anche se la rende pi\u00f9 comoda, c&#8217;\u00e8 sempre qualcosa che non va. Anzi, pi\u00f9 di qualcosa. Prendiamo la privacy. Ogni nostra singola azione viene passata sotto la lente d&#8217;ingrandimento. Sia per scopi commerciali sia per fini che con l&#8217;etica non hanno proprio a che fare. Crediamo di essere [&hellip;]<\/p>\n","protected":false},"author":2,"featured_media":1369,"comment_status":"open","ping_status":"open","sticky":false,"template":"","format":"image","meta":{"advanced_seo_description":"","jetpack_seo_html_title":"","jetpack_seo_noindex":false,"jetpack_post_was_ever_published":false,"_jetpack_newsletter_access":"","jetpack_publicize_message":"","jetpack_is_tweetstorm":false,"jetpack_publicize_feature_enabled":true,"jetpack_social_post_already_shared":true,"jetpack_social_options":{"image_generator_settings":{"template":"highway","enabled":false}}},"categories":[21,170,262,206,231,297,3,5],"tags":[25,323,280,151,71,14,322,24],"jetpack_publicize_connections":[],"jetpack_featured_media_url":"https:\/\/i0.wp.com\/antoniopascotto.it\/wp-content\/uploads\/2020\/10\/2020-10-09_131027.png?fit=826%2C359&ssl=1","jetpack_sharing_enabled":true,"jetpack_shortlink":"https:\/\/wp.me\/p8swp8-m4","jetpack-related-posts":[{"id":1446,"url":"https:\/\/antoniopascotto.it\/?p=1446","url_meta":{"origin":1368,"position":0},"title":"RIFLESSI","author":"Antonio Pascotto","date":"Maggio 8, 2021","format":"image","excerpt":"OVVERO, LO SPECCHIO, IL SELFIE E IL MONDO RIFLESSO Il rapporto dell'individuo con lo specchio \u00e8 ancestrale, fisico, indispensabile. Inizia dal mattino, quando ci vestiamo per uscire di casa. Abbiamo la necessit\u00e0 di vedere la nostra immagine, di cercare di capire come siamo fatti. E di verificare se \u00e8 meglio\u2026","rel":"","context":"In &quot;Digitale&quot;","block_context":{"text":"Digitale","link":"https:\/\/antoniopascotto.it\/?cat=21"},"img":{"alt_text":"","src":"https:\/\/i0.wp.com\/antoniopascotto.it\/wp-content\/uploads\/2021\/05\/RIFLESSI.png?fit=711%2C357&ssl=1&resize=350%2C200","width":350,"height":200},"classes":[]},{"id":1332,"url":"https:\/\/antoniopascotto.it\/?p=1332","url_meta":{"origin":1368,"position":1},"title":"IL POST DEI POST","author":"Antonio Pascotto","date":"Giugno 30, 2020","format":"image","excerpt":"Il termine post \u00e8 entrato gi\u00e0 da tempo in maniera preponderante nelle nostre vite. Per lo pi\u00f9 indica la posteriorit\u00e0 nel tempo, nel senso di \u201cpoi, pi\u00f9 tardi, dopo, ecc.\u201d. Oggi lo utilizziamo soprattutto riferendoci a un messaggio, una pubblicazione su un blog o su un social, o come commento\u2026","rel":"","context":"In &quot;Digitale&quot;","block_context":{"text":"Digitale","link":"https:\/\/antoniopascotto.it\/?cat=21"},"img":{"alt_text":"","src":"https:\/\/i0.wp.com\/antoniopascotto.it\/wp-content\/uploads\/2020\/06\/2020-06-30_110446.jpg?fit=881%2C423&ssl=1&resize=350%2C200","width":350,"height":200},"classes":[]},{"id":1638,"url":"https:\/\/antoniopascotto.it\/?p=1638","url_meta":{"origin":1368,"position":2},"title":"LA DISTRAZIONE","author":"Antonio Pascotto","date":"Gennaio 19, 2026","format":false,"excerpt":"Non dobbiamo farci distrarre da quello che combinano gli algoritmi. Ne ho parlato pi\u00f9 volte perch\u00e9 \u00e8 uno dei temi pi\u00f9 dibattuti di questi anni. Il flusso di informazioni \u00e8 continuo e la nostra capacit\u00e0 di riflettere prima di compiere un\u2019azione o di rilassarci dopo aver svolto un compito impegnativo\u2026","rel":"","context":"In &quot;Internet&quot;","block_context":{"text":"Internet","link":"https:\/\/antoniopascotto.it\/?cat=262"},"img":{"alt_text":"","src":"https:\/\/i0.wp.com\/antoniopascotto.it\/wp-content\/uploads\/2023\/06\/2023-06-01_064725.jpg?fit=828%2C406&ssl=1&resize=350%2C200","width":350,"height":200},"classes":[]},{"id":859,"url":"https:\/\/antoniopascotto.it\/?p=859","url_meta":{"origin":1368,"position":3},"title":"POSTMODERNITA&#8217;","author":"Antonio Pascotto","date":"Marzo 18, 2019","format":"image","excerpt":"Siamo postmoderni, cio\u00e8 facciamo parte di un\u2019era che si basa sulla mercificazione del tempo e delle nostre esperienze. Siamo impegnati a regolare il tempo che consumiamo sui nostri device per partecipare alla rappresentazione digitale che ci vede impegnati direttamente come attori in un mondo che fabbrica emozioni e dove noi\u2026","rel":"","context":"In &quot;Attualit\u00e0&quot;","block_context":{"text":"Attualit\u00e0","link":"https:\/\/antoniopascotto.it\/?cat=37"},"img":{"alt_text":"","src":"https:\/\/i0.wp.com\/antoniopascotto.it\/wp-content\/uploads\/2019\/03\/2019-03-18_190950.jpg?fit=770%2C425&ssl=1&resize=350%2C200","width":350,"height":200},"classes":[]},{"id":1390,"url":"https:\/\/antoniopascotto.it\/?p=1390","url_meta":{"origin":1368,"position":4},"title":"ALLA RICONQUISTA DEL TEMPO PERDUTO","author":"Antonio Pascotto","date":"Dicembre 6, 2020","format":"image","excerpt":"Riconquistare il tempo perduto dal momento in cui Internet ha preso il sopravvento su tutti noi. Non \u00e8 una cosa semplice, ma vale la pena tentarci. Iniziamo col dire che con il progresso tecnologico la percezione dello spazio e del tempo \u00e8 cambiata. E con la Rete ancora di pi\u00f9.\u2026","rel":"","context":"In &quot;Internet&quot;","block_context":{"text":"Internet","link":"https:\/\/antoniopascotto.it\/?cat=262"},"img":{"alt_text":"","src":"https:\/\/i0.wp.com\/antoniopascotto.it\/wp-content\/uploads\/2020\/12\/2020-12-06_113117.png?fit=688%2C342&ssl=1&resize=350%2C200","width":350,"height":200},"classes":[]},{"id":1210,"url":"https:\/\/antoniopascotto.it\/?p=1210","url_meta":{"origin":1368,"position":5},"title":"DA &#8216;SCONNESSI&#8217; ALLA PREFAZIONE DEL MIO LIBRO. GRAZIE CHRISTIAN","author":"Antonio Pascotto","date":"Dicembre 16, 2019","format":"image","excerpt":"Christian Marazziti non \u00e8 solo un regista di successo. Scrive testi teatrali, \u00e8 un ottimo attore, ma soprattutto \u00e8 una persona sensibile, capace di affrontare i temi pi\u00f9 delicati con una professionalit\u00e0 fuori dal comune. Lo dimostra uno dei suoi ultimi lavori, una web serie dove si racconta l'impatto della\u2026","rel":"","context":"In &quot;Cultura&quot;","block_context":{"text":"Cultura","link":"https:\/\/antoniopascotto.it\/?cat=72"},"img":{"alt_text":"","src":"https:\/\/i0.wp.com\/antoniopascotto.it\/wp-content\/uploads\/2019\/12\/Antonio-Pascotto-e-Christian-Marazziti-2.jpg?fit=846%2C423&ssl=1&resize=350%2C200","width":350,"height":200},"classes":[]}],"_links":{"self":[{"href":"https:\/\/antoniopascotto.it\/index.php?rest_route=\/wp\/v2\/posts\/1368"}],"collection":[{"href":"https:\/\/antoniopascotto.it\/index.php?rest_route=\/wp\/v2\/posts"}],"about":[{"href":"https:\/\/antoniopascotto.it\/index.php?rest_route=\/wp\/v2\/types\/post"}],"author":[{"embeddable":true,"href":"https:\/\/antoniopascotto.it\/index.php?rest_route=\/wp\/v2\/users\/2"}],"replies":[{"embeddable":true,"href":"https:\/\/antoniopascotto.it\/index.php?rest_route=%2Fwp%2Fv2%2Fcomments&post=1368"}],"version-history":[{"count":3,"href":"https:\/\/antoniopascotto.it\/index.php?rest_route=\/wp\/v2\/posts\/1368\/revisions"}],"predecessor-version":[{"id":1372,"href":"https:\/\/antoniopascotto.it\/index.php?rest_route=\/wp\/v2\/posts\/1368\/revisions\/1372"}],"wp:featuredmedia":[{"embeddable":true,"href":"https:\/\/antoniopascotto.it\/index.php?rest_route=\/wp\/v2\/media\/1369"}],"wp:attachment":[{"href":"https:\/\/antoniopascotto.it\/index.php?rest_route=%2Fwp%2Fv2%2Fmedia&parent=1368"}],"wp:term":[{"taxonomy":"category","embeddable":true,"href":"https:\/\/antoniopascotto.it\/index.php?rest_route=%2Fwp%2Fv2%2Fcategories&post=1368"},{"taxonomy":"post_tag","embeddable":true,"href":"https:\/\/antoniopascotto.it\/index.php?rest_route=%2Fwp%2Fv2%2Ftags&post=1368"}],"curies":[{"name":"wp","href":"https:\/\/api.w.org\/{rel}","templated":true}]}}