{"id":1351,"date":"2020-08-31T06:36:04","date_gmt":"2020-08-31T06:36:04","guid":{"rendered":"http:\/\/antoniopascotto.it\/?p=1351"},"modified":"2024-04-29T21:27:02","modified_gmt":"2024-04-29T21:27:02","slug":"ho-fatto-un-brutto-sogno","status":"publish","type":"post","link":"https:\/\/antoniopascotto.it\/?p=1351","title":{"rendered":"HO FATTO UN BRUTTO SOGNO"},"content":{"rendered":"<p>Ho fatto un brutto sogno. Mi trovavo in un posto chiamato Belpaese, dove da qualche tempo, come nel resto del mondo, c\u2019era un brutto virus che provocava danni ai polmoni ed era capace anche di uccidere le persone. Il peggio, secondo molti, era passato. Per\u00f2 ogni giorno il numero dei contagiati era sempre abbastanza alto. Ci\u00f2 nonostante il sindaco di un piccolo comune, noto per essere un individuo molto critico, aveva vietato l\u2019uso delle mascherine protettive.<\/p>\n<p>Negli stessi momenti il proprietario di un locale da ballo, dove si erano registrati casi di Covid, era risultato lui stesso positivo al tampone. Nei giorni precedenti aveva contestato le scelte del governo di chiudere le discoteche per motivi di salute pubblica. Avvicinato dai giornalisti per\u00f2 continuava a rispondere in modo ironico: \u201cstate lontani \u2013 aveva detto con fare sardonico &#8211; altrimenti vi attacco di tutto\u201d.<\/p>\n<p>Del resto, poche ore prima, un noto medico era salito alla ribalta per aver dichiarato che il virus era clinicamente morto.<\/p>\n<p>Eppure, in quel posto chiamato Belpaese, c\u2019erano state oltre 35mila vittime. Ed erano stati moltissimi gli operatori sanitari impegnati nella lotta a quel coronavirus tanto temuto. E forse, per il rispetto di tutti, una maggiore prudenza in pi\u00f9 rispetto ad atteggiamenti e dichiarazioni, non avrebbe guastato.<\/p>\n<p>Poi mi sono svegliato. Per fortuna era solo un brutto sogno.<\/p>\n<p><a href=\"https:\/\/www.youtube.com\/watch?v=6kwx3lWjcGY\" target=\"_blank\" rel=\"noopener noreferrer\">GUARDA IL VIDEO<\/a><\/p>\n<p>IMMAGINE DI COPERTINA: ritratto attribuito a Jr Korpa sul portale di immagini Unsplash.<\/p>\n","protected":false},"excerpt":{"rendered":"<p>Ho fatto un brutto sogno. Mi trovavo in un posto chiamato Belpaese, dove da qualche tempo, come nel resto del mondo, c\u2019era un brutto virus che provocava danni ai polmoni ed era capace anche di uccidere le persone. Il peggio, secondo molti, era passato. Per\u00f2 ogni giorno il numero dei contagiati era sempre abbastanza alto. [&hellip;]<\/p>\n","protected":false},"author":2,"featured_media":1352,"comment_status":"open","ping_status":"open","sticky":false,"template":"","format":"image","meta":{"advanced_seo_description":"","jetpack_seo_html_title":"","jetpack_seo_noindex":false,"jetpack_post_was_ever_published":false,"_jetpack_newsletter_access":"","jetpack_publicize_message":"","jetpack_is_tweetstorm":false,"jetpack_publicize_feature_enabled":true,"jetpack_social_post_already_shared":true,"jetpack_social_options":{"image_generator_settings":{"template":"highway","enabled":false}}},"categories":[231,300,319],"tags":[320,299,310,321,301],"jetpack_publicize_connections":[],"jetpack_featured_media_url":"https:\/\/i0.wp.com\/antoniopascotto.it\/wp-content\/uploads\/2020\/08\/2020-08-31_083201.jpg?fit=713%2C319&ssl=1","jetpack_sharing_enabled":true,"jetpack_shortlink":"https:\/\/wp.me\/p8swp8-lN","jetpack-related-posts":[{"id":1405,"url":"https:\/\/antoniopascotto.it\/?p=1405","url_meta":{"origin":1351,"position":0},"title":"E&#8217; SOLO L&#8217;INIZIO","author":"Antonio Pascotto","date":"Gennaio 2, 2021","format":"image","excerpt":"La luna giocava a nascondino tra le nuvole mentre Giancarlo guardava con gli occhi persi i tetti delle case. La citt\u00e0 dormiva, lui no. Da quando aveva superato la cinquantina abbondante non riusciva a prendere sonno tanto facilmente. A volte si addormentava davanti al mega schermo del soggiorno, ma solo\u2026","rel":"","context":"In &quot;Libri&quot;","block_context":{"text":"Libri","link":"https:\/\/antoniopascotto.it\/?cat=6"},"img":{"alt_text":"","src":"https:\/\/i0.wp.com\/antoniopascotto.it\/wp-content\/uploads\/2021\/01\/IMG_20200714_202931.jpg?fit=1200%2C900&ssl=1&resize=350%2C200","width":350,"height":200},"classes":[]},{"id":1298,"url":"https:\/\/antoniopascotto.it\/?p=1298","url_meta":{"origin":1351,"position":1},"title":"LA REALTA&#8217; NON PUO&#8217; ESSERE QUESTA","author":"Antonio Pascotto","date":"Maggio 3, 2020","format":"image","excerpt":"Siamo passati dai discorsi sulla sicurezza di Internet a quelli sulla sicurezza personale e di tutto il mondo. La pandemia ha trasformato il nostro modo di pensare. E il luogo dove si annidavano pericoli ad ogni angolo, il Web, \u00e8 diventato quello dove si vive meglio, senza la paura di\u2026","rel":"","context":"In &quot;Digitale&quot;","block_context":{"text":"Digitale","link":"https:\/\/antoniopascotto.it\/?cat=21"},"img":{"alt_text":"","src":"https:\/\/i0.wp.com\/antoniopascotto.it\/wp-content\/uploads\/2020\/05\/2020-05-03_101208.png?fit=815%2C417&ssl=1&resize=350%2C200","width":350,"height":200},"classes":[]},{"id":1270,"url":"https:\/\/antoniopascotto.it\/?p=1270","url_meta":{"origin":1351,"position":2},"title":"ERAVAMO FELICI MA ASINTOMATICI","author":"Antonio Pascotto","date":"Marzo 28, 2020","format":false,"excerpt":"Mi sembra di vivere in un incubo. Rinchiuso in casa, in piena pandemia. Riscopro le mie cose, riprendo tra le mani libri, fumetti. Rivedo vecchi film. Altri sono nuovi. Molti li avevo persi. Non posso andare a correre, ma ho il tapis roulant, e lo uso. Si che lo uso.\u2026","rel":"","context":"In &quot;Digitale&quot;","block_context":{"text":"Digitale","link":"https:\/\/antoniopascotto.it\/?cat=21"},"img":{"alt_text":"","src":"https:\/\/i0.wp.com\/antoniopascotto.it\/wp-content\/uploads\/2020\/03\/FOTO-DA-PEXELS.jpg?fit=1006%2C496&ssl=1&resize=350%2C200","width":350,"height":200},"classes":[]},{"id":1308,"url":"https:\/\/antoniopascotto.it\/?p=1308","url_meta":{"origin":1351,"position":3},"title":"L&#8217;ABBRACCIO DI SILVIA","author":"Antonio Pascotto","date":"Maggio 12, 2020","format":"image","excerpt":"Non voglio entrare nelle polemiche sul riscatto. Poche parole anche sulla necessit\u00e0 da parte di Silvia Romano, prigioniera per 18 lunghissimi mesi, di dichiararsi convertita all\u2019Islam. Aveva cominciato a leggere il Corano dopo aver chiesto ai suoi rapitori dei libri. Ha detto che la sua \u00e8 stata una conversione spontanea.\u2026","rel":"","context":"In &quot;Attualit\u00e0&quot;","block_context":{"text":"Attualit\u00e0","link":"https:\/\/antoniopascotto.it\/?cat=37"},"img":{"alt_text":"","src":"https:\/\/i0.wp.com\/antoniopascotto.it\/wp-content\/uploads\/2020\/05\/2020-05-12_092636.jpg?fit=755%2C387&ssl=1&resize=350%2C200","width":350,"height":200},"classes":[]},{"id":1441,"url":"https:\/\/antoniopascotto.it\/?p=1441","url_meta":{"origin":1351,"position":4},"title":"LA RIVINCITA DEL VINILE","author":"Antonio Pascotto","date":"Aprile 24, 2021","format":"image","excerpt":"Ho letto che in questi primi mesi del 2021 il vinile ha sorpassato il cd. Cio\u00e9, si sono venduti di pi\u00f9 i dischi tradizionali rispetto ai compact disc, i dischi ottici utilizzati per la memorizzazione di informazioni in formato digitale. E' una specie di ritorno al futuro. Della serie: corsi\u2026","rel":"","context":"In &quot;Canzoni&quot;","block_context":{"text":"Canzoni","link":"https:\/\/antoniopascotto.it\/?cat=196"},"img":{"alt_text":"","src":"https:\/\/i0.wp.com\/antoniopascotto.it\/wp-content\/uploads\/2021\/04\/2021-04-25_013537.png?fit=921%2C440&ssl=1&resize=350%2C200","width":350,"height":200},"classes":[]},{"id":1645,"url":"https:\/\/antoniopascotto.it\/?p=1645","url_meta":{"origin":1351,"position":5},"title":"QUEL GIORNO AD ARCORE","author":"Antonio Pascotto","date":"Giugno 18, 2023","format":"image","excerpt":"C\u2019\u00e8 voluto qualche giorno prima che mettessi gi\u00f9 queste due righe. Convinto da sempre che quando scompare qualcuno bisogna restare quanto pi\u00f9 possibile in silenzio per il rispetto della persona e dei suoi familiari. Ogni parola potrebbe essere di troppo. Il silenzio, come scrive Erling Kagge, \u00e8 uno spazio dell\u2019anima.\u2026","rel":"","context":"In &quot;Personaggi&quot;","block_context":{"text":"Personaggi","link":"https:\/\/antoniopascotto.it\/?cat=104"},"img":{"alt_text":"","src":"https:\/\/i0.wp.com\/antoniopascotto.it\/wp-content\/uploads\/2023\/06\/WhatsApp-Image-2023-06-18-at-09.10.25-e1687072314235.jpeg?fit=800%2C400&ssl=1&resize=350%2C200","width":350,"height":200},"classes":[]}],"_links":{"self":[{"href":"https:\/\/antoniopascotto.it\/index.php?rest_route=\/wp\/v2\/posts\/1351"}],"collection":[{"href":"https:\/\/antoniopascotto.it\/index.php?rest_route=\/wp\/v2\/posts"}],"about":[{"href":"https:\/\/antoniopascotto.it\/index.php?rest_route=\/wp\/v2\/types\/post"}],"author":[{"embeddable":true,"href":"https:\/\/antoniopascotto.it\/index.php?rest_route=\/wp\/v2\/users\/2"}],"replies":[{"embeddable":true,"href":"https:\/\/antoniopascotto.it\/index.php?rest_route=%2Fwp%2Fv2%2Fcomments&post=1351"}],"version-history":[{"count":2,"href":"https:\/\/antoniopascotto.it\/index.php?rest_route=\/wp\/v2\/posts\/1351\/revisions"}],"predecessor-version":[{"id":1357,"href":"https:\/\/antoniopascotto.it\/index.php?rest_route=\/wp\/v2\/posts\/1351\/revisions\/1357"}],"wp:featuredmedia":[{"embeddable":true,"href":"https:\/\/antoniopascotto.it\/index.php?rest_route=\/wp\/v2\/media\/1352"}],"wp:attachment":[{"href":"https:\/\/antoniopascotto.it\/index.php?rest_route=%2Fwp%2Fv2%2Fmedia&parent=1351"}],"wp:term":[{"taxonomy":"category","embeddable":true,"href":"https:\/\/antoniopascotto.it\/index.php?rest_route=%2Fwp%2Fv2%2Fcategories&post=1351"},{"taxonomy":"post_tag","embeddable":true,"href":"https:\/\/antoniopascotto.it\/index.php?rest_route=%2Fwp%2Fv2%2Ftags&post=1351"}],"curies":[{"name":"wp","href":"https:\/\/api.w.org\/{rel}","templated":true}]}}