{"id":1332,"date":"2020-06-30T09:05:51","date_gmt":"2020-06-30T09:05:51","guid":{"rendered":"http:\/\/antoniopascotto.it\/?p=1332"},"modified":"2020-07-01T09:14:33","modified_gmt":"2020-07-01T09:14:33","slug":"il-post-dei-post","status":"publish","type":"post","link":"https:\/\/antoniopascotto.it\/?p=1332","title":{"rendered":"IL POST DEI POST"},"content":{"rendered":"<p>Il termine post \u00e8 entrato gi\u00e0 da tempo in maniera preponderante nelle nostre vite. Per lo pi\u00f9 indica la posteriorit\u00e0 nel tempo, nel senso di \u201cpoi, pi\u00f9 tardi, dopo, ecc.\u201d. Oggi lo utilizziamo soprattutto riferendoci a un messaggio, una pubblicazione su un blog o su un social, o come commento a un articolo e comunque come intervento in una discussione sul web. E in effetti l\u2019etimologia della parola deriva dall\u2019inglese \u201cto post\u201d, ovvero spedire, inviare. Quindi, nel caso di internet, si invia il messaggio alla pagina scelta per la sua pubblicazione.<\/p>\n<p>Ma il termine post \u00e8 molto di pi\u00f9. E\u2019 qualcosa che avvolge e che misura l\u2019esperienza dell\u2019uomo, lo cataloga, lo posiziona tra questo e quel periodo, interpretando le sue esperienze, i suoi cambiamenti, il suo rapporto con l\u2019ambiente che lo circonda e che si modifica insieme a lui. L\u2019uomo postmoderno, ad esempio, \u00e8 colui che si lascia alle spalle la concezione di un mondo fatto di ideali, dove prevalgono il dominio sulla natura e la scienza. La storia non viene pi\u00f9 intesa come un processo necessario per garantire l\u2019emancipazione e il progresso perch\u00e9 il mondo non \u00e8 uno, ma tanti mondi. E la societ\u00e0, come se non bastasse, \u00e8 assai complessa per potersi limitare a un unico credo, cio\u00e8 a una sola verit\u00e0.<\/p>\n<p>Forse sar\u00e0 stato proprio questo a spingere i fautori del postmodernismo a esaltare le caratteristiche e le propriet\u00e0 delle tecnologie informatiche. L\u2019uomo al centro della multimedialit\u00e0, l\u2019uomo proiettato verso il progresso grazie ai nuovi canali comunicativi, ricettore di messaggi e al tempo stesso emittente del proprio messaggio. Dunque, noi siamo postmoderni, perch\u00e9 siamo continuamente iperconnessi e insistentemente proviamo a dire la nostra su questo o quel social network. Aree di discussione che ci lasciano tanto spazio per poter disquisire su qualsiasi cosa. Discettiamo tanto, altroch\u00e9. Ne sappiamo sempre una pi\u00f9 del diavolo, e conosciamo tutto, e siamo i portatori della verit\u00e0. Anche se i postmoderni non dovrebbero credere nella verit\u00e0 assoluta. Ma noi siamo postmoderni solo quando ci pare. E\u2019 un postmodernismo da social, ecco. Perch\u00e9, parafrasando Jean-Francois Lyotard, e Dio mi perdoni per questo, in fondo in fondo non siamo poi tanto reali. Ma non si tratta di rivalutare il sublime. Nelle argomentazioni che ci tocca leggere sui social rispetto al tema trattato, di sublime c\u2019\u00e8 ben poco. E noi non siamo reali, dicevo, perch\u00e9 sui social ci trasformiamo e presentiamo solo una parte di quello che siamo, o meglio rendiamo pubblica una parte contraffatta di noi, non vera, mascherata.<\/p>\n<p>Forse sono troppo severo, si, troppo. Mi capita anche di leggere delle cose decenti, dei ragionamenti dettati dal buonsenso. Ma le occasioni sono pochissime. E a questo punto non posso evitare di tirar fuori l\u2019aforisma di Umberto Eco, secondi cui i social danno diritto di parola a legioni di imbecilli. Lui si riferiva a Twitter, e a quelli che prima parlavano solo al bar dopo due o tre bicchieri di rosso e quindi non danneggiavano la societ\u00e0. Oggi se ti fai un quartino puoi anche metterti su Facebook e postare quello che vuoi. Ma non \u00e8 questo il problema. Nel senso che al bar l\u2019imbecille, e sono sempre parole di Eco, veniva messo a tacere dagli astanti. Sul web non accade. E cos\u00ec superato un certo limite si crea quella sindrome di scetticismo che porta la gente a non credere pi\u00f9 a ogni cosa che si dice. Eco fu abbastanza preciso nella sua analisi, anche se l\u2019aforisma, col tempo, \u00e8 stato male interpretato. E la capacit\u00e0 critica del popolo di internet \u00e8 pure venuta meno. Oggi si fa fatica a distinguere una bufala, una fake news, da una notizia vera. Segno che qualcosa \u00e8 venuto a mancare in questi anni di sviluppo digitale. Siamo postmoderni ma abbiamo ancora molto da imparare.<\/p>\n<p>Ci sono post e post. A proposito di social c\u2019\u00e8 un esempio calzante che \u00e8 quello della post-verit\u00e0. Per i postmoderni \u00e8 la condizione secondo cui in una discussione la verit\u00e0 non \u00e8 la cosa pi\u00f9 importante per un individuo che vive in un mondo di mezze verit\u00e0. Poi c\u2019\u00e8 la post-verit\u00e0 che si basa sull\u2019emotivit\u00e0 della gente, che parla alla pancia del pubblico pensante che viene distratto e che non pensa pi\u00f9, facendo i conti con la propria esistenza e con i propri problemi. La post-verit\u00e0 \u00e8 molto utilizzata da una certa categoria di politici. Che guarda caso sfrutta molto i social network. Oggi lo fanno tutti, per carit\u00e0. Ma qualcuno di pi\u00f9. Insomma, gli effetti della post-verit\u00e0 possono essere devastanti. E non ci si pu\u00f2 fidare.<\/p>\n<p>E che dire del postumanesimo? Ci stiamo davvero trasformando in esseri ibridi, met\u00e0 umani e met\u00e0 non umani? Forse si. Perch\u00e9 in fondo noi siamo tecnologia. Ogni scoperta tecnologica \u00e8 stata fortemente voluta da noi. E\u2019 come se gi\u00e0 sapessimo dove andare a parare quando ci accingiamo a mettere le mani su qualche novit\u00e0 digitale. Ad esempio, quando acquistiamo un nuovo smartphone nel giro di poco tempo siamo gi\u00e0 in grado di utilizzare tutte le sue funzioni. Lo smartphone diventa un\u2019estensione del nostro corpo e dei nostri sensi. E\u2019 una mediazione tra noi e l\u2019ambiente, \u00e8 come un braccio. E\u2019 lui che provvede alla nostra sopravvivenza. Cosicch\u00e9 noi siamo met\u00e0 umani e met\u00e0 no. Perch\u00e9 lo smartphone non \u00e8 umano ma lo diventa con noi, e noi con lui viviamo questa epoca di postumanesimo.<\/p>\n<p>Post Scriptum: volevo scrivere un post che parlasse di post. Alla fine \u00e8 venuta fuori questa disquisizione degna di un post su Facebook. Perch\u00e9 noi siamo met\u00e0 umani e met\u00e0 no.<\/p>\n<p>&nbsp;<\/p>\n","protected":false},"excerpt":{"rendered":"<p>Il termine post \u00e8 entrato gi\u00e0 da tempo in maniera preponderante nelle nostre vite. Per lo pi\u00f9 indica la posteriorit\u00e0 nel tempo, nel senso di \u201cpoi, pi\u00f9 tardi, dopo, ecc.\u201d. Oggi lo utilizziamo soprattutto riferendoci a un messaggio, una pubblicazione su un blog o su un social, o come commento a un articolo e comunque [&hellip;]<\/p>\n","protected":false},"author":2,"featured_media":1333,"comment_status":"open","ping_status":"open","sticky":false,"template":"","format":"image","meta":{"advanced_seo_description":"","jetpack_seo_html_title":"","jetpack_seo_noindex":false,"jetpack_post_was_ever_published":false,"_jetpack_newsletter_access":"","jetpack_publicize_message":"","jetpack_is_tweetstorm":false,"jetpack_publicize_feature_enabled":true,"jetpack_social_post_already_shared":true,"jetpack_social_options":{"image_generator_settings":{"template":"highway","enabled":false}}},"categories":[21,170,231,297,3,5],"tags":[25,71,14,24],"jetpack_publicize_connections":[],"jetpack_featured_media_url":"https:\/\/i0.wp.com\/antoniopascotto.it\/wp-content\/uploads\/2020\/06\/2020-06-30_110446.jpg?fit=881%2C423&ssl=1","jetpack_sharing_enabled":true,"jetpack_shortlink":"https:\/\/wp.me\/p8swp8-lu","jetpack-related-posts":[{"id":1576,"url":"https:\/\/antoniopascotto.it\/?p=1576","url_meta":{"origin":1332,"position":0},"title":"NAZIONALPOPOLARE","author":"Antonio Pascotto","date":"Febbraio 21, 2022","format":"image","excerpt":"Oggi vorrei occuparmi di un termine molto utilizzato in passato e in modo assai diverso in questa fase della nostra vita, caratterizzata dalla comunicazione digitale. Il termine in questione \u00e8 nazional-popolare, con e senza trattino. Volendo scomodare addirittura Gramsci, nazional-popolare si riferisce alle opere letterarie o artistiche, e comunque a\u2026","rel":"","context":"In &quot;Attualit\u00e0&quot;","block_context":{"text":"Attualit\u00e0","link":"https:\/\/antoniopascotto.it\/?cat=37"},"img":{"alt_text":"","src":"https:\/\/i0.wp.com\/antoniopascotto.it\/wp-content\/uploads\/2022\/02\/2022-02-21_085458.png?fit=1067%2C469&ssl=1&resize=350%2C200","width":350,"height":200},"classes":[]},{"id":449,"url":"https:\/\/antoniopascotto.it\/?p=449","url_meta":{"origin":1332,"position":1},"title":"LA RIVINCITA DELLA TELEVISIONE E DEI MEDIA CHE NON MORIRANNO MAI","author":"Antonio Pascotto","date":"Dicembre 5, 2017","format":"gallery","excerpt":"Nessun media morir\u00e0 mai. Lo sostengo da sempre. Figuriamoci\u00a0il media per eccellenza, la televisione,\u00a0quello che pi\u00f9 di ogni altro ha influito sulle nostre abitudini. In molti avevano decretato la sua fine: titoli a caratteri cubitali sui giornali, libri, saggi, ricerche. Tutto inutile, sono state sovvertite le tesi pi\u00f9 negative. Altro\u2026","rel":"","context":"In &quot;Digitale&quot;","block_context":{"text":"Digitale","link":"https:\/\/antoniopascotto.it\/?cat=21"},"img":{"alt_text":"","src":"https:\/\/i0.wp.com\/antoniopascotto.it\/wp-content\/uploads\/2017\/12\/telecomando.jpg?fit=660%2C371&ssl=1&resize=350%2C200","width":350,"height":200},"classes":[]},{"id":341,"url":"https:\/\/antoniopascotto.it\/?p=341","url_meta":{"origin":1332,"position":2},"title":"CONNESSI O DISCONNESSI? EFFETTI E DIFETTI DEL MONDO DIGITALE","author":"Antonio Pascotto","date":"Luglio 27, 2017","format":"gallery","excerpt":"Incapaci di goderci la vita senza la \u201ctecnologia\u201d. Facebook e Twitter creerebbero pi\u00f9 dipendenza di fumo e alcol Siamo tutti connessi, uomini e cose. La tendenza \u00e8 quella di non utilizzare pi\u00f9 nemmeno il computer. Basta uno\u00a0smartphone\u00a0e si pu\u00f2 fare tutto: navigare su internet, pagare il conto del ristorante, accedere\u2026","rel":"","context":"In &quot;Digitale&quot;","block_context":{"text":"Digitale","link":"https:\/\/antoniopascotto.it\/?cat=21"},"img":{"alt_text":"","src":"https:\/\/i0.wp.com\/antoniopascotto.it\/wp-content\/uploads\/2017\/07\/CONNNESSIONI.jpg?fit=500%2C297&ssl=1&resize=350%2C200","width":350,"height":200},"classes":[]},{"id":808,"url":"https:\/\/antoniopascotto.it\/?p=808","url_meta":{"origin":1332,"position":3},"title":"IL MONDO A COLPI DI LIKE","author":"Antonio Pascotto","date":"Febbraio 9, 2019","format":"image","excerpt":"Misuriamo il consenso a colpi di like. Quanti amici abbiamo? Ci vogliono bene, approvano quello che facciamo? Vediamo quanti mi piace otteniamo su Facebook, Instagram o Twitter. E i commenti? Beh, a volte \u00e8 meglio non leggerli. Ci scappa sempre quello che usa un linguaggio poco prudente, tra male parole,\u2026","rel":"","context":"In &quot;Digitale&quot;","block_context":{"text":"Digitale","link":"https:\/\/antoniopascotto.it\/?cat=21"},"img":{"alt_text":"","src":"https:\/\/i0.wp.com\/antoniopascotto.it\/wp-content\/uploads\/2019\/02\/2019-02-09_085415.jpg?fit=893%2C437&ssl=1&resize=350%2C200","width":350,"height":200},"classes":[]},{"id":266,"url":"https:\/\/antoniopascotto.it\/?p=266","url_meta":{"origin":1332,"position":4},"title":"LA SVOLTA DIGITALE","author":"Antonio Pascotto","date":"Febbraio 26, 2017","format":"gallery","excerpt":"Dopo oltre mezzo secolo la televisione continua a esercitare la sua centralit\u00e0. Tra i mezzi di comunicazione di massa\u00a0 rimane la preferita dal pubblico, che in primo luogo sceglie i telegiornali per seguire cosa succede nel mondo. Il piccolo schermo \u00e8 sempre influente, ma soprattutto, pi\u00f9 di ogni altro mezzo,\u2026","rel":"","context":"In &quot;Digitale&quot;","block_context":{"text":"Digitale","link":"https:\/\/antoniopascotto.it\/?cat=21"},"img":{"alt_text":"","src":"https:\/\/i0.wp.com\/antoniopascotto.it\/wp-content\/uploads\/2017\/02\/DIGITALE-300x216.jpg?resize=350%2C200","width":350,"height":200},"classes":[]},{"id":1446,"url":"https:\/\/antoniopascotto.it\/?p=1446","url_meta":{"origin":1332,"position":5},"title":"RIFLESSI","author":"Antonio Pascotto","date":"Maggio 8, 2021","format":"image","excerpt":"OVVERO, LO SPECCHIO, IL SELFIE E IL MONDO RIFLESSO Il rapporto dell'individuo con lo specchio \u00e8 ancestrale, fisico, indispensabile. Inizia dal mattino, quando ci vestiamo per uscire di casa. Abbiamo la necessit\u00e0 di vedere la nostra immagine, di cercare di capire come siamo fatti. E di verificare se \u00e8 meglio\u2026","rel":"","context":"In &quot;Digitale&quot;","block_context":{"text":"Digitale","link":"https:\/\/antoniopascotto.it\/?cat=21"},"img":{"alt_text":"","src":"https:\/\/i0.wp.com\/antoniopascotto.it\/wp-content\/uploads\/2021\/05\/RIFLESSI.png?fit=711%2C357&ssl=1&resize=350%2C200","width":350,"height":200},"classes":[]}],"_links":{"self":[{"href":"https:\/\/antoniopascotto.it\/index.php?rest_route=\/wp\/v2\/posts\/1332"}],"collection":[{"href":"https:\/\/antoniopascotto.it\/index.php?rest_route=\/wp\/v2\/posts"}],"about":[{"href":"https:\/\/antoniopascotto.it\/index.php?rest_route=\/wp\/v2\/types\/post"}],"author":[{"embeddable":true,"href":"https:\/\/antoniopascotto.it\/index.php?rest_route=\/wp\/v2\/users\/2"}],"replies":[{"embeddable":true,"href":"https:\/\/antoniopascotto.it\/index.php?rest_route=%2Fwp%2Fv2%2Fcomments&post=1332"}],"version-history":[{"count":3,"href":"https:\/\/antoniopascotto.it\/index.php?rest_route=\/wp\/v2\/posts\/1332\/revisions"}],"predecessor-version":[{"id":1337,"href":"https:\/\/antoniopascotto.it\/index.php?rest_route=\/wp\/v2\/posts\/1332\/revisions\/1337"}],"wp:featuredmedia":[{"embeddable":true,"href":"https:\/\/antoniopascotto.it\/index.php?rest_route=\/wp\/v2\/media\/1333"}],"wp:attachment":[{"href":"https:\/\/antoniopascotto.it\/index.php?rest_route=%2Fwp%2Fv2%2Fmedia&parent=1332"}],"wp:term":[{"taxonomy":"category","embeddable":true,"href":"https:\/\/antoniopascotto.it\/index.php?rest_route=%2Fwp%2Fv2%2Fcategories&post=1332"},{"taxonomy":"post_tag","embeddable":true,"href":"https:\/\/antoniopascotto.it\/index.php?rest_route=%2Fwp%2Fv2%2Ftags&post=1332"}],"curies":[{"name":"wp","href":"https:\/\/api.w.org\/{rel}","templated":true}]}}