{"id":1327,"date":"2020-06-19T08:43:04","date_gmt":"2020-06-19T08:43:04","guid":{"rendered":"http:\/\/antoniopascotto.it\/?p=1327"},"modified":"2020-12-06T10:34:30","modified_gmt":"2020-12-06T10:34:30","slug":"il-corpo-non-e-piu-centrale-ma-riprendiamoci-la-liberta","status":"publish","type":"post","link":"https:\/\/antoniopascotto.it\/?p=1327","title":{"rendered":"IL CORPO NON E\u2019 PIU\u2019 CENTRALE MA RIPRENDIAMOCI LA LIBERTA\u2019"},"content":{"rendered":"<p>Insomma, il corpo non sembra essere pi\u00f9 centrale. Nessuna particolare attenzione all\u2019abbigliamento. Via giacca e cravatta, e nemmeno la camicia stirata. Ci si veste come si vuole, e si assume una postura qualsiasi. Eppure la realt\u00e0 \u00e8 questa, oramai. Una realt\u00e0 fatta di finestre collegate l\u2019una con l\u2019altra, sopra e sotto o di lato, come una scacchiera. La cosiddetta cognizione incorporata non c\u2019\u00e8 pi\u00f9. Cio\u00e8 \u00e8 venuto a mancare il concetto secondo cui la natura della mente umana sarebbe determinata dalle caratteristiche e dai movimenti del corpo umano. Ma il corpo non \u00e8 pi\u00f9 materia, bens\u00ec un organismo vivente ma liquido, non proprio astratto ma insomma. E\u2019 arrivato per\u00f2 il momento di reagire. E di riprenderci i nostri spazi e il nostro tempo.<\/p>\n<p>Siamo stati privati dell\u2019intercorporeit\u00e0. Oramai parliamo a distanza. E ci vediamo a distanza, grazie a Zoom o a Skype, oppure a Google Hangouts. Eppure siamo riusciti a ricreare quel flusso di comunicazione tra persone che solo la presenza fisica riusciva a garantire fino a qualche tempo fa. E non c\u2019\u00e8 bisogno di usare particolari filtri, oppure, come dicevamo, di vestirsi necessariamente in giacca e cravatta. Tranne se dobbiamo fare una riunione di lavoro in modalit\u00e0 smart working o se dobbiamo collegarci con un canale televisivo.<\/p>\n<p>Eppure continuiamo ad avere bisogno della socialit\u00e0 vera, della possibilit\u00e0 di stare accanto a una persona, sempre rispettando le distanze imposte dalle nuove norme sanitarie con le quali si deve convivere. Di gesticolare, assumere posture diverse a seconda di quello che vogliamo trasmettere al nostro interlocutore. Di tossire, perch\u00e9 no, per comunicare i nostri dubbi e le nostre perplessit\u00e0. Si, si comunica anche attraverso la tosse. E da vicino, cio\u00e8 non proprio da vicino, viene meglio. Al computer, su una chat, non ci si fa neppure caso.<\/p>\n<p>E allora riprendiamoci il cielo, apriamo le finestre, quelle vere, non quelle di Windows, e torniamo per strada. Liberiamoci dal buio di una stanza chiusa e torniamo a parlarci come veri e propri animali sociali.<\/p>\n<p>IMMAGINE SCARICATA DA PUBLICDOMAINPICTURES.NET<\/p>\n<p>&nbsp;<\/p>\n","protected":false},"excerpt":{"rendered":"<p>Insomma, il corpo non sembra essere pi\u00f9 centrale. Nessuna particolare attenzione all\u2019abbigliamento. Via giacca e cravatta, e nemmeno la camicia stirata. Ci si veste come si vuole, e si assume una postura qualsiasi. Eppure la realt\u00e0 \u00e8 questa, oramai. Una realt\u00e0 fatta di finestre collegate l\u2019una con l\u2019altra, sopra e sotto o di lato, come [&hellip;]<\/p>\n","protected":false},"author":2,"featured_media":1329,"comment_status":"open","ping_status":"open","sticky":false,"template":"","format":"image","meta":{"advanced_seo_description":"","jetpack_seo_html_title":"","jetpack_seo_noindex":false,"jetpack_post_was_ever_published":false,"_jetpack_newsletter_access":"","jetpack_publicize_message":"","jetpack_is_tweetstorm":false,"jetpack_publicize_feature_enabled":true,"jetpack_social_post_already_shared":true,"jetpack_social_options":{"image_generator_settings":{"template":"highway","enabled":false}}},"categories":[231,3],"tags":[312,14],"jetpack_publicize_connections":[],"jetpack_featured_media_url":"https:\/\/i0.wp.com\/antoniopascotto.it\/wp-content\/uploads\/2020\/06\/2020-06-19_104059.jpg?fit=1001%2C453&ssl=1","jetpack_sharing_enabled":true,"jetpack_shortlink":"https:\/\/wp.me\/p8swp8-lp","jetpack-related-posts":[{"id":1446,"url":"https:\/\/antoniopascotto.it\/?p=1446","url_meta":{"origin":1327,"position":0},"title":"RIFLESSI","author":"Antonio Pascotto","date":"Maggio 8, 2021","format":"image","excerpt":"OVVERO, LO SPECCHIO, IL SELFIE E IL MONDO RIFLESSO Il rapporto dell'individuo con lo specchio \u00e8 ancestrale, fisico, indispensabile. Inizia dal mattino, quando ci vestiamo per uscire di casa. Abbiamo la necessit\u00e0 di vedere la nostra immagine, di cercare di capire come siamo fatti. E di verificare se \u00e8 meglio\u2026","rel":"","context":"In &quot;Digitale&quot;","block_context":{"text":"Digitale","link":"https:\/\/antoniopascotto.it\/?cat=21"},"img":{"alt_text":"","src":"https:\/\/i0.wp.com\/antoniopascotto.it\/wp-content\/uploads\/2021\/05\/RIFLESSI.png?fit=711%2C357&ssl=1&resize=350%2C200","width":350,"height":200},"classes":[]},{"id":1164,"url":"https:\/\/antoniopascotto.it\/?p=1164","url_meta":{"origin":1327,"position":1},"title":"FESTA DEL CINEMA DI ROMA. UNA SERA SUL RED CARPET","author":"Antonio Pascotto","date":"Ottobre 20, 2019","format":"image","excerpt":"\u00a0 Nel giorno di Downton Abbey e di Bill Murray, ma anche di Wes Anderson e Peter Cattaneo, facciamo un\u2019incursione sul red carpet della Festa del Cinema di Roma. E cos\u00ec un tranquillo sabato sera si trasforma in un gioco surreale dove alcuni personaggi pi\u00f9 o meno noti sfilano sotto\u2026","rel":"","context":"In &quot;Cinema&quot;","block_context":{"text":"Cinema","link":"https:\/\/antoniopascotto.it\/?cat=105"},"img":{"alt_text":"","src":"https:\/\/i0.wp.com\/antoniopascotto.it\/wp-content\/uploads\/2019\/10\/IMG_20191019_222313.jpg?fit=1200%2C900&ssl=1&resize=350%2C200","width":350,"height":200},"classes":[]},{"id":488,"url":"https:\/\/antoniopascotto.it\/?p=488","url_meta":{"origin":1327,"position":2},"title":"OGGI E&#8217; IL BLUE MONDAY, IL GIORNO PIU&#8217; TRISTE DELL&#8217;ANNO","author":"Antonio Pascotto","date":"Gennaio 15, 2018","format":"image","excerpt":"Ci mancava pure il giorno pi\u00f9 triste dell\u2019anno. Come se tutti gli altri fossero unici e straordinari. Tra dare e avere il risultato non credo sia a favore di quelli con il tasso di felicit\u00e0 pi\u00f9 alto, ma tant\u2019\u00e9. Oggi \u00e8 il Blue Monday, il giorno pi\u00f9 triste, appunto, rispetto\u2026","rel":"","context":"In &quot;Attualit\u00e0&quot;","block_context":{"text":"Attualit\u00e0","link":"https:\/\/antoniopascotto.it\/?cat=37"},"img":{"alt_text":"","src":"https:\/\/i0.wp.com\/antoniopascotto.it\/wp-content\/uploads\/2018\/01\/download.jpg?fit=606%2C350&ssl=1&resize=350%2C200","width":350,"height":200},"classes":[]},{"id":1298,"url":"https:\/\/antoniopascotto.it\/?p=1298","url_meta":{"origin":1327,"position":3},"title":"LA REALTA&#8217; NON PUO&#8217; ESSERE QUESTA","author":"Antonio Pascotto","date":"Maggio 3, 2020","format":"image","excerpt":"Siamo passati dai discorsi sulla sicurezza di Internet a quelli sulla sicurezza personale e di tutto il mondo. La pandemia ha trasformato il nostro modo di pensare. E il luogo dove si annidavano pericoli ad ogni angolo, il Web, \u00e8 diventato quello dove si vive meglio, senza la paura di\u2026","rel":"","context":"In &quot;Digitale&quot;","block_context":{"text":"Digitale","link":"https:\/\/antoniopascotto.it\/?cat=21"},"img":{"alt_text":"","src":"https:\/\/i0.wp.com\/antoniopascotto.it\/wp-content\/uploads\/2020\/05\/2020-05-03_101208.png?fit=815%2C417&ssl=1&resize=350%2C200","width":350,"height":200},"classes":[]},{"id":808,"url":"https:\/\/antoniopascotto.it\/?p=808","url_meta":{"origin":1327,"position":4},"title":"IL MONDO A COLPI DI LIKE","author":"Antonio Pascotto","date":"Febbraio 9, 2019","format":"image","excerpt":"Misuriamo il consenso a colpi di like. Quanti amici abbiamo? Ci vogliono bene, approvano quello che facciamo? Vediamo quanti mi piace otteniamo su Facebook, Instagram o Twitter. E i commenti? Beh, a volte \u00e8 meglio non leggerli. Ci scappa sempre quello che usa un linguaggio poco prudente, tra male parole,\u2026","rel":"","context":"In &quot;Digitale&quot;","block_context":{"text":"Digitale","link":"https:\/\/antoniopascotto.it\/?cat=21"},"img":{"alt_text":"","src":"https:\/\/i0.wp.com\/antoniopascotto.it\/wp-content\/uploads\/2019\/02\/2019-02-09_085415.jpg?fit=893%2C437&ssl=1&resize=350%2C200","width":350,"height":200},"classes":[]},{"id":730,"url":"https:\/\/antoniopascotto.it\/?p=730","url_meta":{"origin":1327,"position":5},"title":"LE ETA&#8217; DEL PARADISO","author":"Antonio Pascotto","date":"Giugno 29, 2018","format":"image","excerpt":"Mi sono sempre chiesto che et\u00e0 hanno le persone in paradiso. Cio\u00e9, se uno muore a 90 anni, in paradiso avr\u00e0 90 anni? Oppure, se muore prima, in paradiso sar\u00e0 pi\u00f9 giovane? Quindi sar\u00e0 ricompensato rispetto al minor tempo trascorso\u00a0durante la vita terrena? Un'idea di paradiso, in qualche modo, me\u2026","rel":"","context":"In &quot;Riflessioni&quot;","block_context":{"text":"Riflessioni","link":"https:\/\/antoniopascotto.it\/?cat=231"},"img":{"alt_text":"","src":"https:\/\/i0.wp.com\/antoniopascotto.it\/wp-content\/uploads\/2018\/06\/il-paradiso-allimprovviso-200x240cm-101689.jpg?fit=600%2C315&ssl=1&resize=350%2C200","width":350,"height":200},"classes":[]}],"_links":{"self":[{"href":"https:\/\/antoniopascotto.it\/index.php?rest_route=\/wp\/v2\/posts\/1327"}],"collection":[{"href":"https:\/\/antoniopascotto.it\/index.php?rest_route=\/wp\/v2\/posts"}],"about":[{"href":"https:\/\/antoniopascotto.it\/index.php?rest_route=\/wp\/v2\/types\/post"}],"author":[{"embeddable":true,"href":"https:\/\/antoniopascotto.it\/index.php?rest_route=\/wp\/v2\/users\/2"}],"replies":[{"embeddable":true,"href":"https:\/\/antoniopascotto.it\/index.php?rest_route=%2Fwp%2Fv2%2Fcomments&post=1327"}],"version-history":[{"count":1,"href":"https:\/\/antoniopascotto.it\/index.php?rest_route=\/wp\/v2\/posts\/1327\/revisions"}],"predecessor-version":[{"id":1330,"href":"https:\/\/antoniopascotto.it\/index.php?rest_route=\/wp\/v2\/posts\/1327\/revisions\/1330"}],"wp:featuredmedia":[{"embeddable":true,"href":"https:\/\/antoniopascotto.it\/index.php?rest_route=\/wp\/v2\/media\/1329"}],"wp:attachment":[{"href":"https:\/\/antoniopascotto.it\/index.php?rest_route=%2Fwp%2Fv2%2Fmedia&parent=1327"}],"wp:term":[{"taxonomy":"category","embeddable":true,"href":"https:\/\/antoniopascotto.it\/index.php?rest_route=%2Fwp%2Fv2%2Fcategories&post=1327"},{"taxonomy":"post_tag","embeddable":true,"href":"https:\/\/antoniopascotto.it\/index.php?rest_route=%2Fwp%2Fv2%2Ftags&post=1327"}],"curies":[{"name":"wp","href":"https:\/\/api.w.org\/{rel}","templated":true}]}}