{"id":1320,"date":"2020-06-01T14:25:07","date_gmt":"2020-06-01T14:25:07","guid":{"rendered":"http:\/\/antoniopascotto.it\/?p=1320"},"modified":"2021-05-08T05:17:18","modified_gmt":"2021-05-08T05:17:18","slug":"cosi-umani-e-cosi-vulnerabili","status":"publish","type":"post","link":"https:\/\/antoniopascotto.it\/?p=1320","title":{"rendered":"COSI\u2019 UMANI E COSI\u2019 VULNERABILI"},"content":{"rendered":"<p>La tecnologia ci d\u00e0 una mano. Anche se molti di noi non riescono ancora a fidarsi fino in fondo. Diciamoci la verit\u00e0, gli algoritmi saranno pure perfetti, procedimenti e calcoli saranno pure infallibili, ma nessuno \u00e8 riuscito a prevedere, nemmeno per lontane ipotesi, quello che sarebbe successo. Nessuna avvisaglia, nemmeno un accenno da parte delle macchine, dei robot. L\u2019intelligenza artificiale sar\u00e0 pure intelligente, ma la pandemia non l\u2019aveva prevista.<\/p>\n<p>E cos\u00ec, oltre all\u2019utilizzo di Internet, anche da parte dei pi\u00f9 sprovveduti, cio\u00e8 di quelli che non avevano mai messo le mani su una tastiera, abbiamo scoperto, se ce n\u2019era bisogno, ed evidentemente ce n\u2019era, di essere deboli, vulnerabili, umani. Umani, si, e consoliamoci di questo. Il Covid ha ribadito che a prevalere su tutto \u00e8 la natura, e non c\u2019\u00e8 algoritmo che tenga.<\/p>\n<p>Eppure parliamo con soddisfazione di civilt\u00e0 digitale, di strumenti tecnologici che hanno rivoluzionato il nostro modo di vivere, di robotica e automazione, di infrastrutture veloci e grandi capacit\u00e0 di calcolo. E soprattutto parliamo di macchine che riescono a leggere il pensiero. Conoscono i nostri gusti, prevedono i nostri acquisti, ci inviano sul telefonino le pubblicit\u00e0 che agevolano le nostre scelte. Il tutto con una velocit\u00e0 un tempo inimmaginabile. Tutto questo perch\u00e9 le macchine si basano sui dati raccolti, sulla massa di informazioni prodotta dalla Rete, sui software che analizzano i nostri comportamenti. Ma stavolta no, nessuna previsione sul covid19, sul nemico invisibile. Gli algoritmi avrebbero dovuto allertarci, me niente da fare. Oramai vengono impiegati dappertutto, perch\u00e9 non farlo anche su questo tipo di malattia?<\/p>\n<p>Forse la prossima volta saranno pi\u00f9 attenti, dicono gli esperti. E che ci serva da lezione la pandemia. Ora anche i numeri di questa catastrofe saranno impiegati nei data base. E il prossimo virus non ci coglier\u00e0 impreparati.<\/p>\n<p>Il fatto \u00e8 che guardiamo ad un futuro fatto solo di dati, software e piattaforme, dimenticando quello che siamo. Non \u00e8 una critica alla tecnologia, che pure ci risolve una serie di problemi, ma forse \u00e8 una critica a noi stessi.<\/p>\n<p>Immagine di copertina:\u00a0<strong>Keith Haring<\/strong>, &#8220;<em><strong>Tuttomondo<\/strong><\/em>&#8220;,1989, murale realizzato sulla parete della Chiesa di Sant&#8217;Antonio a Pisa.<\/p>\n","protected":false},"excerpt":{"rendered":"<p>La tecnologia ci d\u00e0 una mano. Anche se molti di noi non riescono ancora a fidarsi fino in fondo. Diciamoci la verit\u00e0, gli algoritmi saranno pure perfetti, procedimenti e calcoli saranno pure infallibili, ma nessuno \u00e8 riuscito a prevedere, nemmeno per lontane ipotesi, quello che sarebbe successo. Nessuna avvisaglia, nemmeno un accenno da parte delle [&hellip;]<\/p>\n","protected":false},"author":2,"featured_media":1321,"comment_status":"open","ping_status":"open","sticky":false,"template":"","format":"image","meta":{"advanced_seo_description":"","jetpack_seo_html_title":"","jetpack_seo_noindex":false,"jetpack_post_was_ever_published":false,"_jetpack_newsletter_access":"","jetpack_publicize_message":"","jetpack_is_tweetstorm":false,"jetpack_publicize_feature_enabled":true,"jetpack_social_post_already_shared":true,"jetpack_social_options":{"image_generator_settings":{"template":"highway","enabled":false}}},"categories":[262,231,3,5],"tags":[311,65,310,14,301,24],"jetpack_publicize_connections":[],"jetpack_featured_media_url":"https:\/\/i0.wp.com\/antoniopascotto.it\/wp-content\/uploads\/2020\/06\/2020-06-01_161832.jpg?fit=792%2C431&ssl=1","jetpack_sharing_enabled":true,"jetpack_shortlink":"https:\/\/wp.me\/p8swp8-li","jetpack-related-posts":[{"id":1454,"url":"https:\/\/antoniopascotto.it\/?p=1454","url_meta":{"origin":1320,"position":0},"title":"SENZA INTERNET","author":"Antonio Pascotto","date":"Giugno 9, 2021","format":"image","excerpt":"Un blackout della Rete. Senza Internet per un\u2019ora circa. E sembrava la fine del mondo. Sul Web si sono accavallate voci preoccupanti e per nulla senza fondamento. Alle dieci di mattina eravamo tutti disorientati e impauriti. Nel panico. La causa del crollo, forse, dovuta a un guasto, un problema tecnico\u2026","rel":"","context":"In &quot;Digitale&quot;","block_context":{"text":"Digitale","link":"https:\/\/antoniopascotto.it\/?cat=21"},"img":{"alt_text":"","src":"https:\/\/i0.wp.com\/antoniopascotto.it\/wp-content\/uploads\/2021\/06\/SENZA-INTERNET-COPERTINA.png?fit=879%2C448&ssl=1&resize=350%2C200","width":350,"height":200},"classes":[]},{"id":1332,"url":"https:\/\/antoniopascotto.it\/?p=1332","url_meta":{"origin":1320,"position":1},"title":"IL POST DEI POST","author":"Antonio Pascotto","date":"Giugno 30, 2020","format":"image","excerpt":"Il termine post \u00e8 entrato gi\u00e0 da tempo in maniera preponderante nelle nostre vite. Per lo pi\u00f9 indica la posteriorit\u00e0 nel tempo, nel senso di \u201cpoi, pi\u00f9 tardi, dopo, ecc.\u201d. Oggi lo utilizziamo soprattutto riferendoci a un messaggio, una pubblicazione su un blog o su un social, o come commento\u2026","rel":"","context":"In &quot;Digitale&quot;","block_context":{"text":"Digitale","link":"https:\/\/antoniopascotto.it\/?cat=21"},"img":{"alt_text":"","src":"https:\/\/i0.wp.com\/antoniopascotto.it\/wp-content\/uploads\/2020\/06\/2020-06-30_110446.jpg?fit=881%2C423&ssl=1&resize=350%2C200","width":350,"height":200},"classes":[]},{"id":1270,"url":"https:\/\/antoniopascotto.it\/?p=1270","url_meta":{"origin":1320,"position":2},"title":"ERAVAMO FELICI MA ASINTOMATICI","author":"Antonio Pascotto","date":"Marzo 28, 2020","format":false,"excerpt":"Mi sembra di vivere in un incubo. Rinchiuso in casa, in piena pandemia. Riscopro le mie cose, riprendo tra le mani libri, fumetti. Rivedo vecchi film. Altri sono nuovi. Molti li avevo persi. Non posso andare a correre, ma ho il tapis roulant, e lo uso. Si che lo uso.\u2026","rel":"","context":"In &quot;Digitale&quot;","block_context":{"text":"Digitale","link":"https:\/\/antoniopascotto.it\/?cat=21"},"img":{"alt_text":"","src":"https:\/\/i0.wp.com\/antoniopascotto.it\/wp-content\/uploads\/2020\/03\/FOTO-DA-PEXELS.jpg?fit=1006%2C496&ssl=1&resize=350%2C200","width":350,"height":200},"classes":[]},{"id":1634,"url":"https:\/\/antoniopascotto.it\/?p=1634","url_meta":{"origin":1320,"position":3},"title":"L&#8217;INTELLIGENZA ARTIFICIALE A MODO MIO","author":"Antonio Pascotto","date":"Gennaio 21, 2026","format":"image","excerpt":"Quando mia madre arrivava a scuola per il colloquio con i professori tutti le dicevano: \u00absuo figlio \u00e8 intelligente, per questo potrebbe fare molto di pi\u00f9.\u00bb Questa storia dell\u2019intelligenza me la sono portata appresso per anni. Era diventata una specie di scusa. Cio\u00e8, mi trinceravo dietro il fatto che potevo\u2026","rel":"","context":"In &quot;Ricordi&quot;","block_context":{"text":"Ricordi","link":"https:\/\/antoniopascotto.it\/?cat=212"},"img":{"alt_text":"","src":"https:\/\/i0.wp.com\/antoniopascotto.it\/wp-content\/uploads\/2023\/04\/2023-04-04_152635.png?fit=964%2C443&ssl=1&resize=350%2C200","width":350,"height":200},"classes":[]},{"id":1706,"url":"https:\/\/antoniopascotto.it\/?p=1706","url_meta":{"origin":1320,"position":4},"title":"ROMANZO DIGITALE","author":"Antonio Pascotto","date":"Gennaio 22, 2026","format":"image","excerpt":"Grazie a Fabio Gimignani e alla sua Jolly Roger per la presentazione del mio nuovo libro che uscir\u00e0 il 15 settembre. Spero che piaccia. Io ce l'ho messa tutta. Ecco la presentazione. Chi si ricorda ancora dei calendari a blocchetto? Quelli dai quali tutte le mattine si staccava il foglio\u2026","rel":"","context":"In &quot;Attualit\u00e0&quot;","block_context":{"text":"Attualit\u00e0","link":"https:\/\/antoniopascotto.it\/?cat=37"},"img":{"alt_text":"","src":"https:\/\/i0.wp.com\/antoniopascotto.it\/wp-content\/uploads\/2023\/07\/WhatsApp-Image-2023-07-28-at-11.34.12.jpeg?fit=1022%2C665&ssl=1&resize=350%2C200","width":350,"height":200},"classes":[]},{"id":1127,"url":"https:\/\/antoniopascotto.it\/?p=1127","url_meta":{"origin":1320,"position":5},"title":"FABRIZIO, I LIBRI E IL LAVORO","author":"Antonio Pascotto","date":"Settembre 30, 2019","format":"image","excerpt":"Uno dei miei scrittori preferiti \u00e8 senza dubbio Fabrizio Falconi, amico e collega di lunga data. Lavoriamo insieme a Mediaset da quasi 27 anni. Un bel po di tempo, non c'\u00e8 che dire. Ho letto quasi tutti i suoi libri. E ho cominciato a sfogliare il suo ultimo lavoro, interessantissimo,\u2026","rel":"","context":"In &quot;Cultura&quot;","block_context":{"text":"Cultura","link":"https:\/\/antoniopascotto.it\/?cat=72"},"img":{"alt_text":"","src":"https:\/\/i0.wp.com\/antoniopascotto.it\/wp-content\/uploads\/2019\/09\/2019-09-30_082847.jpg?fit=467%2C307&ssl=1&resize=350%2C200","width":350,"height":200},"classes":[]}],"_links":{"self":[{"href":"https:\/\/antoniopascotto.it\/index.php?rest_route=\/wp\/v2\/posts\/1320"}],"collection":[{"href":"https:\/\/antoniopascotto.it\/index.php?rest_route=\/wp\/v2\/posts"}],"about":[{"href":"https:\/\/antoniopascotto.it\/index.php?rest_route=\/wp\/v2\/types\/post"}],"author":[{"embeddable":true,"href":"https:\/\/antoniopascotto.it\/index.php?rest_route=\/wp\/v2\/users\/2"}],"replies":[{"embeddable":true,"href":"https:\/\/antoniopascotto.it\/index.php?rest_route=%2Fwp%2Fv2%2Fcomments&post=1320"}],"version-history":[{"count":1,"href":"https:\/\/antoniopascotto.it\/index.php?rest_route=\/wp\/v2\/posts\/1320\/revisions"}],"predecessor-version":[{"id":1322,"href":"https:\/\/antoniopascotto.it\/index.php?rest_route=\/wp\/v2\/posts\/1320\/revisions\/1322"}],"wp:featuredmedia":[{"embeddable":true,"href":"https:\/\/antoniopascotto.it\/index.php?rest_route=\/wp\/v2\/media\/1321"}],"wp:attachment":[{"href":"https:\/\/antoniopascotto.it\/index.php?rest_route=%2Fwp%2Fv2%2Fmedia&parent=1320"}],"wp:term":[{"taxonomy":"category","embeddable":true,"href":"https:\/\/antoniopascotto.it\/index.php?rest_route=%2Fwp%2Fv2%2Fcategories&post=1320"},{"taxonomy":"post_tag","embeddable":true,"href":"https:\/\/antoniopascotto.it\/index.php?rest_route=%2Fwp%2Fv2%2Ftags&post=1320"}],"curies":[{"name":"wp","href":"https:\/\/api.w.org\/{rel}","templated":true}]}}