{"id":1308,"date":"2020-05-12T07:42:15","date_gmt":"2020-05-12T07:42:15","guid":{"rendered":"http:\/\/antoniopascotto.it\/?p=1308"},"modified":"2022-01-06T17:30:18","modified_gmt":"2022-01-06T17:30:18","slug":"labbraccio-di-silvia","status":"publish","type":"post","link":"https:\/\/antoniopascotto.it\/?p=1308","title":{"rendered":"L&#8217;ABBRACCIO DI SILVIA"},"content":{"rendered":"<p>Non voglio entrare nelle polemiche sul riscatto. Poche parole anche sulla necessit\u00e0 da parte di Silvia Romano, prigioniera per 18 lunghissimi mesi, di dichiararsi convertita all\u2019Islam. Aveva cominciato a leggere il Corano dopo aver chiesto ai suoi rapitori dei libri. Ha detto che la sua \u00e8 stata una conversione spontanea. Una scelta personale, insomma. E per noi basta cos\u00ec. Non vogliamo addentrarci in trattati teologici. Non siamo nemmeno in grado di farlo. Pu\u00f2 essere stata convinzione o sopravvivenza. Sia in un caso sia nell\u2019altro da parte di Silvia si \u00e8 trattato di una scelta profondamente personale. O forse condizionata, come dice l\u2019imam di Milano. Perch\u00e9 lei \u00e8 rimasta per tanto tempo nelle mani di gente assetata di sangue. Ma questo non cambia quello che sto per dire.<\/p>\n<p>Papa Francesco fu molto chiaro quando disse che tutti gli uomini devono \u201cstrappare\u201d dai loro cuori \u201cla malattia che avvelena le nostre vite\u201d. Precisando poi che i cristiani devono farlo \u201ccon la Bibbia\u201d e i musulmani \u201ccon il Corano\u201d.\u00a0Ma non voglio approfondire questo tema, n\u00e9 innescare ulteriori polemiche. La religione \u00e8 la ricerca del senso della vita. Quella ricerca che spinge un individuo ad occuparsi del prossimo, dei pi\u00f9 deboli, ad impegnarsi per una giusta causa. La stessa Silvia aveva deciso di andarsene in Africa, lontano dalla sua terra e dai suoi affetti, per dedicarsi ai bambini, ai pi\u00f9 piccoli che avevano bisogno di qualcuno come lei.\u00a0 Lo ha scritto bene Umberto Galimberti, in un bellissimo pezzo, apparso su La Stampa, dal titolo \u201cIn quella solitudine ha trovato il suo Dio\u201d.<\/p>\n<p><img data-attachment-id=\"1310\" data-permalink=\"https:\/\/antoniopascotto.it\/?attachment_id=1310\" data-orig-file=\"https:\/\/i0.wp.com\/antoniopascotto.it\/wp-content\/uploads\/2020\/05\/2020-05-12_093008.jpg?fit=649%2C330&amp;ssl=1\" data-orig-size=\"649,330\" data-comments-opened=\"1\" data-image-meta=\"{&quot;aperture&quot;:&quot;0&quot;,&quot;credit&quot;:&quot;&quot;,&quot;camera&quot;:&quot;&quot;,&quot;caption&quot;:&quot;&quot;,&quot;created_timestamp&quot;:&quot;0&quot;,&quot;copyright&quot;:&quot;&quot;,&quot;focal_length&quot;:&quot;0&quot;,&quot;iso&quot;:&quot;0&quot;,&quot;shutter_speed&quot;:&quot;0&quot;,&quot;title&quot;:&quot;&quot;,&quot;orientation&quot;:&quot;0&quot;}\" data-image-title=\"2020-05-12_093008\" data-image-description=\"\" data-image-caption=\"\" data-medium-file=\"https:\/\/i0.wp.com\/antoniopascotto.it\/wp-content\/uploads\/2020\/05\/2020-05-12_093008.jpg?fit=300%2C153&amp;ssl=1\" data-large-file=\"https:\/\/i0.wp.com\/antoniopascotto.it\/wp-content\/uploads\/2020\/05\/2020-05-12_093008.jpg?fit=649%2C330&amp;ssl=1\" decoding=\"async\" loading=\"lazy\" class=\"alignleft size-medium wp-image-1310\" src=\"https:\/\/i0.wp.com\/antoniopascotto.it\/wp-content\/uploads\/2020\/05\/2020-05-12_093008.jpg?resize=300%2C153\" alt=\"\" width=\"300\" height=\"153\" srcset=\"https:\/\/i0.wp.com\/antoniopascotto.it\/wp-content\/uploads\/2020\/05\/2020-05-12_093008.jpg?resize=300%2C153&amp;ssl=1 300w, https:\/\/i0.wp.com\/antoniopascotto.it\/wp-content\/uploads\/2020\/05\/2020-05-12_093008.jpg?w=649&amp;ssl=1 649w\" sizes=\"(max-width: 300px) 100vw, 300px\" data-recalc-dims=\"1\" \/><\/p>\n<p>Quando ho visto le immagini in diretta del suo arrivo a Ciampino mi sono emozionato. E credevo che si trattasse di una sensazione comune a tutto il popolo italiano. Il ritorno di una figlia, di una ragazza che era stata rapita scontando la colpa di essersi dedicata con tanto amore ai pi\u00f9 bisognosi. Nei suoi passi, sulla pista dell\u2019aeroporto militare romano, ho visto la fine di un incubo. Credevo che si trattasse di una visione collettiva. Il Paese che riabbraccia la sua giovane volontaria che si era tanto impegnata in quel villaggio di Chakama, non lontano dalle spiagge di Malindi, dove, nonostante la sua attivit\u00e0 al servizio di quella popolazione, \u00e8 stata pure tradita da qualcuno che l\u2019ha venduta ai banditi keniani. Credevo che tutto il Paese si stringesse attorno a questa giovane. Ma non \u00e8 stato cos\u00ec. E\u2019 bastato vederla camminare verso l\u2019uscita dell\u2019aeroporto con un abito verde, comune nell\u2019Africa orientale. Si chiama jilbab. Non ha una particolare connotazione religiosa, anche se \u00e8 indossato da donne islamiche. E\u2019 un abito da passeggio. Ma subito \u00e8 scattato un fuoco di fila di polemiche. Poi l\u2019ammissione di essersi convertita alla fede islamica. I commenti sui social e su molti giornali sono stati impietosi. \u00a0Un vero e proprio linciaggio. Si chiama <em>shitstorm<\/em>, cio\u00e8 una tempesta di insulti e di cattiverie. Che ovviamente non stiamo qui a ripetere. Solo un\u2019ultima riflessione, ma la faremo alla fine.<\/p>\n<p><img data-attachment-id=\"1311\" data-permalink=\"https:\/\/antoniopascotto.it\/?attachment_id=1311\" data-orig-file=\"https:\/\/i0.wp.com\/antoniopascotto.it\/wp-content\/uploads\/2020\/05\/2020-05-12_094118.jpg?fit=814%2C445&amp;ssl=1\" data-orig-size=\"814,445\" data-comments-opened=\"1\" data-image-meta=\"{&quot;aperture&quot;:&quot;0&quot;,&quot;credit&quot;:&quot;&quot;,&quot;camera&quot;:&quot;&quot;,&quot;caption&quot;:&quot;&quot;,&quot;created_timestamp&quot;:&quot;0&quot;,&quot;copyright&quot;:&quot;&quot;,&quot;focal_length&quot;:&quot;0&quot;,&quot;iso&quot;:&quot;0&quot;,&quot;shutter_speed&quot;:&quot;0&quot;,&quot;title&quot;:&quot;&quot;,&quot;orientation&quot;:&quot;0&quot;}\" data-image-title=\"2020-05-12_094118\" data-image-description=\"\" data-image-caption=\"\" data-medium-file=\"https:\/\/i0.wp.com\/antoniopascotto.it\/wp-content\/uploads\/2020\/05\/2020-05-12_094118.jpg?fit=300%2C164&amp;ssl=1\" data-large-file=\"https:\/\/i0.wp.com\/antoniopascotto.it\/wp-content\/uploads\/2020\/05\/2020-05-12_094118.jpg?fit=814%2C445&amp;ssl=1\" decoding=\"async\" loading=\"lazy\" class=\"alignleft size-medium wp-image-1311\" src=\"https:\/\/i0.wp.com\/antoniopascotto.it\/wp-content\/uploads\/2020\/05\/2020-05-12_094118.jpg?resize=300%2C164\" alt=\"\" width=\"300\" height=\"164\" srcset=\"https:\/\/i0.wp.com\/antoniopascotto.it\/wp-content\/uploads\/2020\/05\/2020-05-12_094118.jpg?resize=300%2C164&amp;ssl=1 300w, https:\/\/i0.wp.com\/antoniopascotto.it\/wp-content\/uploads\/2020\/05\/2020-05-12_094118.jpg?resize=768%2C420&amp;ssl=1 768w, https:\/\/i0.wp.com\/antoniopascotto.it\/wp-content\/uploads\/2020\/05\/2020-05-12_094118.jpg?w=814&amp;ssl=1 814w\" sizes=\"(max-width: 300px) 100vw, 300px\" data-recalc-dims=\"1\" \/><\/p>\n<p>Sulla pista di Ciampino Silvia sorride, e per farsi vedere scosta la mascherina che la protegge dal coronavirus. A tratti si ferma, allarga le braccia, saluta la sua gente. Un\u2019immagine che ci libera dall\u2019angoscia di queste giornate di isolamento. E\u2019 un sollievo, \u00e8 l\u2019attenuazione di un disagio, di un malessere psicologico che da settimane ci attanaglia e ci tiene rinchiusi in casa. Ma non basta, evidentemente. Non basta vedere la gioia di questa giovane che dopo 535 giorni di prigionia non vede l\u2019ora di riabbracciare i suoi cari. E lo fa, compie quel gesto che a noi non \u00e8 concesso, perch\u00e9 c\u2019\u00e8 il virus. E non lo abbiamo ancora sconfitto. Mentre lei ha sconfitto la prigione. E ora \u00e8 tornata casa. E si butta tra le braccia della madre, poi delle sorelle. Poi del padre. Che a un certo punto fa un passo indietro e si inchina davanti a lei. Consapevole della scelta che ha fatto. Ma che importanza ha, visto che ora \u00e8 tornata a casa? L\u2019abbraccio di Silvia \u00e8 un abbraccio di gioia ma anche di speranza. Quella che noi tutti abbiamo pensando a un futuro senza virus e senza contagi. Un futuro dove tutti potremo di nuovo guardarci negli occhi ed abbracciarci, come Silvia ha fatto con i suoi familiari.<\/p>\n<p>Sono emozionato, ma non ho tenuto conto dello <em>shitstorm<\/em>, degli insulti, dei pregiudizi. Sono le miserie dei nostri tempi. Qualcuno diceva che questo Covid ci avrebbe cambiati per sempre. Ma quando mai!<\/p>\n<p>&nbsp;<\/p>\n<p>&nbsp;<\/p>\n","protected":false},"excerpt":{"rendered":"<p>Non voglio entrare nelle polemiche sul riscatto. Poche parole anche sulla necessit\u00e0 da parte di Silvia Romano, prigioniera per 18 lunghissimi mesi, di dichiararsi convertita all\u2019Islam. Aveva cominciato a leggere il Corano dopo aver chiesto ai suoi rapitori dei libri. Ha detto che la sua \u00e8 stata una conversione spontanea. Una scelta personale, insomma. E [&hellip;]<\/p>\n","protected":false},"author":2,"featured_media":1309,"comment_status":"open","ping_status":"open","sticky":false,"template":"","format":"image","meta":{"advanced_seo_description":"","jetpack_seo_html_title":"","jetpack_seo_noindex":false,"jetpack_post_was_ever_published":false,"_jetpack_newsletter_access":"","jetpack_publicize_message":"","jetpack_is_tweetstorm":false,"jetpack_publicize_feature_enabled":true,"jetpack_social_post_already_shared":true,"jetpack_social_options":{"image_generator_settings":{"template":"highway","enabled":false}}},"categories":[37,231],"tags":[],"jetpack_publicize_connections":[],"jetpack_featured_media_url":"https:\/\/i0.wp.com\/antoniopascotto.it\/wp-content\/uploads\/2020\/05\/2020-05-12_092636.jpg?fit=755%2C387&ssl=1","jetpack_sharing_enabled":true,"jetpack_shortlink":"https:\/\/wp.me\/p8swp8-l6","jetpack-related-posts":[{"id":395,"url":"https:\/\/antoniopascotto.it\/?p=395","url_meta":{"origin":1308,"position":0},"title":"LE ROVINE E L\u2019OMBRA. IL NUOVO LIBRO DI FABRIZIO FALCONI","author":"Antonio Pascotto","date":"Settembre 19, 2017","format":"gallery","excerpt":"Quando, alcuni mesi or sono, il mio collega e amico fraterno Fabrizio Falconi mi annunci\u00f2 il titolo del suo ultimo libro, Le rovine e l\u2019ombra, immediatamente il mio pensiero torn\u00f2 a un periodo nefasto per la mia provincia, l\u2019Irpinia, devastata dal terribile sisma del 23 novembre 1980. Nei miei occhi\u2026","rel":"","context":"In &quot;Cultura&quot;","block_context":{"text":"Cultura","link":"https:\/\/antoniopascotto.it\/?cat=72"},"img":{"alt_text":"","src":"https:\/\/i0.wp.com\/antoniopascotto.it\/wp-content\/uploads\/2017\/09\/81kheoBSUYL.jpg?fit=846%2C1200&ssl=1&resize=350%2C200","width":350,"height":200},"classes":[]},{"id":1058,"url":"https:\/\/antoniopascotto.it\/?p=1058","url_meta":{"origin":1308,"position":1},"title":"SCUOTERE IL PUBBLICO DEI SOCIAL. IL FOTORACCONTO DI UNA SERATA SULL&#8217;ISOLA TIBERINA","author":"Antonio Pascotto","date":"Agosto 21, 2019","format":"image","excerpt":"Il pretesto per questo mio post \u00e8 stata una splendida serata sull'Isola Tiberina, che d'estate diventa Isola del Cinema e della Lettura. Ma soprattutto il titolo di un bellissimo articolo di Andrea Gentili sul portale SprayNews. Ringrazio Andrea per le bellissime parole e per l'attenzione che ha voluto dedicare al\u2026","rel":"","context":"In &quot;Internet&quot;","block_context":{"text":"Internet","link":"https:\/\/antoniopascotto.it\/?cat=262"},"img":{"alt_text":"","src":"https:\/\/i0.wp.com\/antoniopascotto.it\/wp-content\/uploads\/2019\/08\/2019-08-21_103445.jpg?fit=1200%2C580&ssl=1&resize=350%2C200","width":350,"height":200},"classes":[]},{"id":2085,"url":"https:\/\/antoniopascotto.it\/?p=2085","url_meta":{"origin":1308,"position":2},"title":"ROMANZO DIGITALE. IL NUOVO LIBRO DI ANTONIO PASCOTTO PRESENTATO A BANCA GENERALI DI ROMA","author":"Antonio Pascotto","date":"Gennaio 26, 2026","format":"image","excerpt":"ROMA \u2013 Un nuovo appuntamento con il pubblico per Antonio Pascotto e il suo Romanzo Digitale. Nella sala riunioni di Banca Generali, a Roma, il giornalista Mediaset ha presentato il libro, edito da Jolly Roger, che affronta una serie di temi analizzati con gli interventi di Sara Manfuso, firma del\u2026","rel":"","context":"In &quot;Intelligenza Artificiale&quot;","block_context":{"text":"Intelligenza Artificiale","link":"https:\/\/antoniopascotto.it\/?cat=400"},"img":{"alt_text":"","src":"https:\/\/i0.wp.com\/antoniopascotto.it\/wp-content\/uploads\/2024\/09\/2024-09-24_100235.jpg?fit=904%2C331&ssl=1&resize=350%2C200","width":350,"height":200},"classes":[]},{"id":907,"url":"https:\/\/antoniopascotto.it\/?p=907","url_meta":{"origin":1308,"position":3},"title":"IL MONDO SENZA INTERNET. IL FOTORACCONTO","author":"Antonio Pascotto","date":"Agosto 3, 2019","format":"image","excerpt":"Alla presentazione del mio libro, IL MONDO SENZA INTERNET, ci siamo proprio divertiti. Si, perch\u00e9 per me la presentazione di un lavoro \u00e8 anche un momento per stare insieme con gli amici, guardandosi negli occhi, interagendo con il fisico e con la mente. Cose che online non si possono fare.\u2026","rel":"","context":"In &quot;Digitale&quot;","block_context":{"text":"Digitale","link":"https:\/\/antoniopascotto.it\/?cat=21"},"img":{"alt_text":"","src":"https:\/\/i0.wp.com\/antoniopascotto.it\/wp-content\/uploads\/2019\/08\/2019-07-12_101142.jpg?fit=1200%2C739&ssl=1&resize=350%2C200","width":350,"height":200},"classes":[]},{"id":417,"url":"https:\/\/antoniopascotto.it\/?p=417","url_meta":{"origin":1308,"position":4},"title":"UN MONDO SENZA IL WEB. L\u2019INIZIO DI UNA STORIA","author":"Antonio Pascotto","date":"Novembre 7, 2017","format":"image","excerpt":"Proviamo a fare un gioco. L\u2019inizio di una storia. La mattina ci svegliamo e ci accorgiamo che non c\u2019\u00e8 pi\u00f9 Internet. Il Web \u00e8 stato bloccato per motivi di sicurezza internazionale. Rimaniamo senza Rete. Un sogno? Un incubo? Proviamo a scrivere un racconto. Che inizia cos\u00ec: Mi giro, mi rigiro,\u2026","rel":"","context":"In &quot;Digitale&quot;","block_context":{"text":"Digitale","link":"https:\/\/antoniopascotto.it\/?cat=21"},"img":{"alt_text":"","src":"https:\/\/i0.wp.com\/antoniopascotto.it\/wp-content\/uploads\/2017\/11\/2017-11-07_090059.jpg?fit=592%2C360&ssl=1&resize=350%2C200","width":350,"height":200},"classes":[]},{"id":1417,"url":"https:\/\/antoniopascotto.it\/?p=1417","url_meta":{"origin":1308,"position":5},"title":"BEATA SOLITUDINE","author":"Antonio Pascotto","date":"Gennaio 23, 2021","format":"image","excerpt":"Mai come in questo periodo ci sentiamo soli. Hai voglia a dire che su Facebook o su Instagram abbiamo migliaia e migliaia di contatti. \u201cIo ho 4mila amici su Facebook\u201d. \u201cIo 5mila, ho dovuto pure aprire un altro profilo, perch\u00e9 il primo non bastava\u201d. \u201cIo su Twitter ho fatto il\u2026","rel":"","context":"In &quot;Riflessioni&quot;","block_context":{"text":"Riflessioni","link":"https:\/\/antoniopascotto.it\/?cat=231"},"img":{"alt_text":"","src":"https:\/\/i0.wp.com\/antoniopascotto.it\/wp-content\/uploads\/2021\/01\/hopper.jpg?fit=729%2C394&ssl=1&resize=350%2C200","width":350,"height":200},"classes":[]}],"_links":{"self":[{"href":"https:\/\/antoniopascotto.it\/index.php?rest_route=\/wp\/v2\/posts\/1308"}],"collection":[{"href":"https:\/\/antoniopascotto.it\/index.php?rest_route=\/wp\/v2\/posts"}],"about":[{"href":"https:\/\/antoniopascotto.it\/index.php?rest_route=\/wp\/v2\/types\/post"}],"author":[{"embeddable":true,"href":"https:\/\/antoniopascotto.it\/index.php?rest_route=\/wp\/v2\/users\/2"}],"replies":[{"embeddable":true,"href":"https:\/\/antoniopascotto.it\/index.php?rest_route=%2Fwp%2Fv2%2Fcomments&post=1308"}],"version-history":[{"count":2,"href":"https:\/\/antoniopascotto.it\/index.php?rest_route=\/wp\/v2\/posts\/1308\/revisions"}],"predecessor-version":[{"id":1313,"href":"https:\/\/antoniopascotto.it\/index.php?rest_route=\/wp\/v2\/posts\/1308\/revisions\/1313"}],"wp:featuredmedia":[{"embeddable":true,"href":"https:\/\/antoniopascotto.it\/index.php?rest_route=\/wp\/v2\/media\/1309"}],"wp:attachment":[{"href":"https:\/\/antoniopascotto.it\/index.php?rest_route=%2Fwp%2Fv2%2Fmedia&parent=1308"}],"wp:term":[{"taxonomy":"category","embeddable":true,"href":"https:\/\/antoniopascotto.it\/index.php?rest_route=%2Fwp%2Fv2%2Fcategories&post=1308"},{"taxonomy":"post_tag","embeddable":true,"href":"https:\/\/antoniopascotto.it\/index.php?rest_route=%2Fwp%2Fv2%2Ftags&post=1308"}],"curies":[{"name":"wp","href":"https:\/\/api.w.org\/{rel}","templated":true}]}}