{"id":1298,"date":"2020-05-03T08:25:10","date_gmt":"2020-05-03T08:25:10","guid":{"rendered":"http:\/\/antoniopascotto.it\/?p=1298"},"modified":"2022-01-06T17:31:07","modified_gmt":"2022-01-06T17:31:07","slug":"non-e-questa-la-realta","status":"publish","type":"post","link":"https:\/\/antoniopascotto.it\/?p=1298","title":{"rendered":"LA REALTA&#8217; NON PUO&#8217; ESSERE QUESTA"},"content":{"rendered":"<p>Siamo passati dai discorsi sulla sicurezza di Internet a quelli sulla sicurezza personale e di tutto il mondo. La pandemia ha trasformato il nostro modo di pensare. E il luogo dove si annidavano pericoli ad ogni angolo, il Web, \u00e8 diventato quello dove si vive meglio, senza la paura di essere contagiati. O meglio, il luogo dove i virus possono provocare danni digitali e infettare il pc o lo smartphone, ma non la nostra salute. Il luogo dove possiamo conversare con amici e parenti, il luogo dove possiamo vederci senza il timore di contrarre gravi malattie. L\u2019oltremondo \u00e8 diventato il mondo, e noi ci sguazziamo dentro. Eppure non pu\u00f2 essere cos\u00ec, non \u00e8 questa la realt\u00e0, non \u00e8 questo il nostro futuro.<\/p>\n<p>L\u2019altro giorno ascoltavo un brano composto in questi giorni dai fratelli Bennato, Edoardo e Eugenio. Si intitola proprio <em>La\u00a0realt\u00e0 non pu\u00f2 essere questa<\/em>. Il senso della canzone \u00e8 proprio nel suo titolo. Un testo intelligente, fuori dal comune, non il solito ritornello melenso. \u201c\u2019La realt\u00e0 \u00e8 tutta in questa stanza, nella rete che annulla ogni distanza. La realt\u00e0 \u00e8 fuori dal balcone, nella rete che diventa una prigione\u201d. In effetti la realt\u00e0 non pu\u00f2 essere questa. Non pu\u00f2 essere l\u2019illusione di chitarre \u2013 e torno al testo della canzone \u2013 che suonano da sole. L\u2019analisi, perch\u00e9 di analisi si tratta, \u00e8 tutta nelle strofe di un brano che coglie meglio di qualsiasi trattato sociologico, il momento che stiamo vivendo. Perch\u00e9 qualsiasi amore non pu\u00f2 essere virtuale. Ha bisogno di parole sussurrate, ha bisogno delle strade, ha bisogno di correre nel vento.<\/p>\n<p>Hanno ragione Edoardo e Eugenio. Come ha ragione Peter Marino, un famoso architetto nel cui studio di New York lavorano circa 160 collaboratori. Dice che alla creativit\u00e0 serve il contatto pi\u00f9 che il computer. Oggi, viste le circostanze, usa Zoom per le riunioni di lavoro, e non ha cambiato idea. Trova le macchine insufficienti, lente e limitate rispetto a cosa si pu\u00f2 fare coi disegni e coi liberi pensieri. Ed \u00e8 convinto che dopo qualche mese di realt\u00e0 virtuale le persone torneranno allo sport, allo shopping e nei musei pi\u00f9 di prima. Io me lo auguro, ma non ne sono convinto fino in fondo.<\/p>\n<p>E\u2019 vero, grazie alla tecnologia ci siamo adattati in queste settimane di lookdown, ma non \u00e8 che prima le cose andassero tanto diversamente. E\u2019 da tempo, oramai, che siamo immersi in una realt\u00e0 virtuale che aveva gi\u00e0 sostituito le piazze reali con quelle digitali. Le opinioni sulla capacit\u00e0 della tecnologia di sostituire il valore della presenza sono diverse. Io continuo fermamente a credere che l\u2019uomo digitale debba resistere alle molteplici tentazioni offerte dalla rete piuttosto che lasciarsi andare completamente in quello che un tempo era considerato un mondo parallelo e che ora, a poco a poco, \u00e8 diventato il mondo dove condividere tutta la nostra vita e le nostre emozioni.\u00a0 Senza Internet sarebbe stato molto pi\u00f9 difficile trascorrere questo periodo in isolamento forzato.\u00a0 Per\u00f2 allo stesso tempo abbiamo avvertito la mancanza del contatto umano, degli abbracci, delle uscite con gli amici. Teniamolo ben presente, quando tutto sar\u00e0 finito.<\/p>\n<p>&nbsp;<\/p>\n<p>IMMAGINE DI COPERTINA: <em>Scuola di Atene<\/em>, Raffaello Sanzio, 1509-1511. Affresco situato nella Stanza della Segnatura, una delle quattro &#8220;Stanze Vaticane&#8221;, poste all&#8217;interno dei Palazzi Apostolici.<\/p>\n","protected":false},"excerpt":{"rendered":"<p>Siamo passati dai discorsi sulla sicurezza di Internet a quelli sulla sicurezza personale e di tutto il mondo. La pandemia ha trasformato il nostro modo di pensare. E il luogo dove si annidavano pericoli ad ogni angolo, il Web, \u00e8 diventato quello dove si vive meglio, senza la paura di essere contagiati. O meglio, il [&hellip;]<\/p>\n","protected":false},"author":2,"featured_media":1299,"comment_status":"open","ping_status":"open","sticky":false,"template":"","format":"image","meta":{"advanced_seo_description":"","jetpack_seo_html_title":"","jetpack_seo_noindex":false,"jetpack_post_was_ever_published":false,"_jetpack_newsletter_access":"","jetpack_publicize_message":"","jetpack_is_tweetstorm":false,"jetpack_publicize_feature_enabled":true,"jetpack_social_post_already_shared":true,"jetpack_social_options":{"image_generator_settings":{"template":"highway","enabled":false}}},"categories":[21,262,231,3],"tags":[308,65,14,301],"jetpack_publicize_connections":[],"jetpack_featured_media_url":"https:\/\/i0.wp.com\/antoniopascotto.it\/wp-content\/uploads\/2020\/05\/2020-05-03_101208.png?fit=815%2C417&ssl=1","jetpack_sharing_enabled":true,"jetpack_shortlink":"https:\/\/wp.me\/p8swp8-kW","jetpack-related-posts":[{"id":501,"url":"https:\/\/antoniopascotto.it\/?p=501","url_meta":{"origin":1298,"position":0},"title":"IL PRESENTE SENZA TEMPO","author":"Antonio Pascotto","date":"Gennaio 29, 2018","format":false,"excerpt":"Dai tempo al tempo. Oppure: il tempo \u00e8 galantuomo. E ancora: a tempo perso, avere tempo da perdere, tempo da lupi, lascia il tempo che trova, guadagnare tempo. Potrei continuare cos\u00ec all\u2019infinito. I modi di dire che contengono la parola tempo sono innumerevoli. Anche il numero di saggi sull\u2019argomento \u00e8\u2026","rel":"","context":"In &quot;Scienza&quot;","block_context":{"text":"Scienza","link":"https:\/\/antoniopascotto.it\/?cat=152"},"img":{"alt_text":"","src":"https:\/\/i0.wp.com\/antoniopascotto.it\/wp-content\/uploads\/2018\/01\/orologi2.jpg?fit=600%2C300&ssl=1&resize=350%2C200","width":350,"height":200},"classes":[]},{"id":1210,"url":"https:\/\/antoniopascotto.it\/?p=1210","url_meta":{"origin":1298,"position":1},"title":"DA &#8216;SCONNESSI&#8217; ALLA PREFAZIONE DEL MIO LIBRO. GRAZIE CHRISTIAN","author":"Antonio Pascotto","date":"Dicembre 16, 2019","format":"image","excerpt":"Christian Marazziti non \u00e8 solo un regista di successo. Scrive testi teatrali, \u00e8 un ottimo attore, ma soprattutto \u00e8 una persona sensibile, capace di affrontare i temi pi\u00f9 delicati con una professionalit\u00e0 fuori dal comune. Lo dimostra uno dei suoi ultimi lavori, una web serie dove si racconta l'impatto della\u2026","rel":"","context":"In &quot;Cultura&quot;","block_context":{"text":"Cultura","link":"https:\/\/antoniopascotto.it\/?cat=72"},"img":{"alt_text":"","src":"https:\/\/i0.wp.com\/antoniopascotto.it\/wp-content\/uploads\/2019\/12\/Antonio-Pascotto-e-Christian-Marazziti-2.jpg?fit=846%2C423&ssl=1&resize=350%2C200","width":350,"height":200},"classes":[]},{"id":859,"url":"https:\/\/antoniopascotto.it\/?p=859","url_meta":{"origin":1298,"position":2},"title":"POSTMODERNITA&#8217;","author":"Antonio Pascotto","date":"Marzo 18, 2019","format":"image","excerpt":"Siamo postmoderni, cio\u00e8 facciamo parte di un\u2019era che si basa sulla mercificazione del tempo e delle nostre esperienze. Siamo impegnati a regolare il tempo che consumiamo sui nostri device per partecipare alla rappresentazione digitale che ci vede impegnati direttamente come attori in un mondo che fabbrica emozioni e dove noi\u2026","rel":"","context":"In &quot;Attualit\u00e0&quot;","block_context":{"text":"Attualit\u00e0","link":"https:\/\/antoniopascotto.it\/?cat=37"},"img":{"alt_text":"","src":"https:\/\/i0.wp.com\/antoniopascotto.it\/wp-content\/uploads\/2019\/03\/2019-03-18_190950.jpg?fit=770%2C425&ssl=1&resize=350%2C200","width":350,"height":200},"classes":[]},{"id":2085,"url":"https:\/\/antoniopascotto.it\/?p=2085","url_meta":{"origin":1298,"position":3},"title":"ROMANZO DIGITALE. IL NUOVO LIBRO DI ANTONIO PASCOTTO PRESENTATO A BANCA GENERALI DI ROMA","author":"Antonio Pascotto","date":"Gennaio 26, 2026","format":"image","excerpt":"ROMA \u2013 Un nuovo appuntamento con il pubblico per Antonio Pascotto e il suo Romanzo Digitale. Nella sala riunioni di Banca Generali, a Roma, il giornalista Mediaset ha presentato il libro, edito da Jolly Roger, che affronta una serie di temi analizzati con gli interventi di Sara Manfuso, firma del\u2026","rel":"","context":"In &quot;Intelligenza Artificiale&quot;","block_context":{"text":"Intelligenza Artificiale","link":"https:\/\/antoniopascotto.it\/?cat=400"},"img":{"alt_text":"","src":"https:\/\/i0.wp.com\/antoniopascotto.it\/wp-content\/uploads\/2024\/09\/2024-09-24_100235.jpg?fit=904%2C331&ssl=1&resize=350%2C200","width":350,"height":200},"classes":[]},{"id":1634,"url":"https:\/\/antoniopascotto.it\/?p=1634","url_meta":{"origin":1298,"position":4},"title":"L&#8217;INTELLIGENZA ARTIFICIALE A MODO MIO","author":"Antonio Pascotto","date":"Gennaio 21, 2026","format":"image","excerpt":"Quando mia madre arrivava a scuola per il colloquio con i professori tutti le dicevano: \u00absuo figlio \u00e8 intelligente, per questo potrebbe fare molto di pi\u00f9.\u00bb Questa storia dell\u2019intelligenza me la sono portata appresso per anni. Era diventata una specie di scusa. Cio\u00e8, mi trinceravo dietro il fatto che potevo\u2026","rel":"","context":"In &quot;Ricordi&quot;","block_context":{"text":"Ricordi","link":"https:\/\/antoniopascotto.it\/?cat=212"},"img":{"alt_text":"","src":"https:\/\/i0.wp.com\/antoniopascotto.it\/wp-content\/uploads\/2023\/04\/2023-04-04_152635.png?fit=964%2C443&ssl=1&resize=350%2C200","width":350,"height":200},"classes":[]},{"id":1267,"url":"https:\/\/antoniopascotto.it\/?p=1267","url_meta":{"origin":1298,"position":5},"title":"IL VIRUS E LA VITA NELL\u2019OLTREMONDO","author":"Antonio Pascotto","date":"Marzo 22, 2020","format":"image","excerpt":"Era la vita a cavallo tra due mondi. Quello cosiddetto reale, fatto di sguardi, strette di mano, cene con gli amici. E quello virtuale, dove le immagini dei nostri amici, tanti ma tutti sui social, si materializzavano tra un clic e l\u2019altro grazie alla potenza degli algoritmi. Ora tutto questo\u2026","rel":"","context":"In &quot;Attualit\u00e0&quot;","block_context":{"text":"Attualit\u00e0","link":"https:\/\/antoniopascotto.it\/?cat=37"},"img":{"alt_text":"","src":"https:\/\/i0.wp.com\/antoniopascotto.it\/wp-content\/uploads\/2020\/03\/Paul-Gauguin-Da-dove-veniamo-Chi-siamo-Dove-andiamo-1897-1898-olio-su-tela-139-3745-cm-Museum-of-Fine-Arts-Boston.jpg?fit=1069%2C432&ssl=1&resize=350%2C200","width":350,"height":200},"classes":[]}],"_links":{"self":[{"href":"https:\/\/antoniopascotto.it\/index.php?rest_route=\/wp\/v2\/posts\/1298"}],"collection":[{"href":"https:\/\/antoniopascotto.it\/index.php?rest_route=\/wp\/v2\/posts"}],"about":[{"href":"https:\/\/antoniopascotto.it\/index.php?rest_route=\/wp\/v2\/types\/post"}],"author":[{"embeddable":true,"href":"https:\/\/antoniopascotto.it\/index.php?rest_route=\/wp\/v2\/users\/2"}],"replies":[{"embeddable":true,"href":"https:\/\/antoniopascotto.it\/index.php?rest_route=%2Fwp%2Fv2%2Fcomments&post=1298"}],"version-history":[{"count":6,"href":"https:\/\/antoniopascotto.it\/index.php?rest_route=\/wp\/v2\/posts\/1298\/revisions"}],"predecessor-version":[{"id":1305,"href":"https:\/\/antoniopascotto.it\/index.php?rest_route=\/wp\/v2\/posts\/1298\/revisions\/1305"}],"wp:featuredmedia":[{"embeddable":true,"href":"https:\/\/antoniopascotto.it\/index.php?rest_route=\/wp\/v2\/media\/1299"}],"wp:attachment":[{"href":"https:\/\/antoniopascotto.it\/index.php?rest_route=%2Fwp%2Fv2%2Fmedia&parent=1298"}],"wp:term":[{"taxonomy":"category","embeddable":true,"href":"https:\/\/antoniopascotto.it\/index.php?rest_route=%2Fwp%2Fv2%2Fcategories&post=1298"},{"taxonomy":"post_tag","embeddable":true,"href":"https:\/\/antoniopascotto.it\/index.php?rest_route=%2Fwp%2Fv2%2Ftags&post=1298"}],"curies":[{"name":"wp","href":"https:\/\/api.w.org\/{rel}","templated":true}]}}