{"id":1223,"date":"2020-01-26T08:19:56","date_gmt":"2020-01-26T08:19:56","guid":{"rendered":"http:\/\/antoniopascotto.it\/?p=1223"},"modified":"2020-04-26T08:08:01","modified_gmt":"2020-04-26T08:08:01","slug":"soggetti-smarriti","status":"publish","type":"post","link":"https:\/\/antoniopascotto.it\/?p=1223","title":{"rendered":"SOGGETTI SMARRITI"},"content":{"rendered":"<p>Navighiamo per mari immensi dove l\u2019orizzonte appare sfuocato.\u00a0 Il senso di smarrimento e di vuoto, invece, \u00e8 concreto, palpabile. Facciamo finta di niente, eppure siamo proprio noi, pensionati analogici, a rendercene subito conto. Prima dei social e di un certo tipo di tecnologia avevamo le idee pi\u00f9 chiare. Oggi siamo confusi, perduti a volte. Non poche volte. Molte volte. La tecnologia facilita la vita, si. Ma qual \u00e8 il prezzo da pagare?<\/p>\n<p>In Rete si trova ogni risposta ai nostri interrogativi. La memoria per\u00f2, quella, l\u2019abbiamo persa. Troppi dati, un flusso continuo di informazioni buttate dentro questo mare dove nessuna bussola ci ha mai seriamente guidati. Migliaia e migliaia di pagine digitali, link che ci portano da una parte all\u2019altra dell\u2019oceano. Mentre legge un argomento se ne presenta subito un altro senza nessun criterio, senza nessun ordine. Il caos digitale, dove c\u2019\u00e8 tutto e niente. Dove a farla da padrone \u00e8 la distrazione. S\u00ec, digitali distratti, senza un filo conduttore, continuamente stimolati dagli smartphone e dagli altri dispositivi ma allo stesso tempo isolati in noi stessi, con poca capacit\u00e0 mnemonica.<\/p>\n<p>Si, non riusciamo pi\u00f9 a ricordare, perch\u00e9 la funzione psichica di riprodurre immagini ed esperienze non \u00e8 pi\u00f9 allenata. L\u2019uso dei videoterminali altera i nostri meccanismi cerebrali. E le azioni che consentono di passare da un compito all\u2019altro rallentano. Aumenta, invece, l\u2019egocentrismo. Parlare di se stessi sui social provoca soddisfazione, i centri della ricompensa del cervello sono pi\u00f9 attivi. Vengono attivate le stesse sinapsi di chi usa sostanze stupefacenti. Condividiamo i post e controlliamo continuamente se abbiamo ricevuto like. Cos\u00ec siamo indotti a scrivere nuovi messaggi. Gli studiosi parlano di stress cronico. Si abbassano le difese immunitarie. Forse dovremmo cambiare rotta.<\/p>\n<p>Nell&#8217;immagine: Pieter Bruegel il Vecchio &#8211; Veduta del porto di Napoli &#8211; 1556<\/p>\n","protected":false},"excerpt":{"rendered":"<p>Navighiamo per mari immensi dove l\u2019orizzonte appare sfuocato.\u00a0 Il senso di smarrimento e di vuoto, invece, \u00e8 concreto, palpabile. Facciamo finta di niente, eppure siamo proprio noi, pensionati analogici, a rendercene subito conto. Prima dei social e di un certo tipo di tecnologia avevamo le idee pi\u00f9 chiare. Oggi siamo confusi, perduti a volte. Non [&hellip;]<\/p>\n","protected":false},"author":2,"featured_media":1224,"comment_status":"open","ping_status":"open","sticky":false,"template":"","format":"image","meta":{"advanced_seo_description":"","jetpack_seo_html_title":"","jetpack_seo_noindex":false,"jetpack_post_was_ever_published":false,"_jetpack_newsletter_access":"","jetpack_publicize_message":"","jetpack_is_tweetstorm":false,"jetpack_publicize_feature_enabled":true,"jetpack_social_post_already_shared":true,"jetpack_social_options":{"image_generator_settings":{"template":"highway","enabled":false}}},"categories":[21,170,262,3,5],"tags":[25,65,71,14,24],"jetpack_publicize_connections":[],"jetpack_featured_media_url":"https:\/\/i0.wp.com\/antoniopascotto.it\/wp-content\/uploads\/2020\/01\/Pieter-Bruegel-il-Vecchio-Veduta-del-porto-di-Napoli-1556.jpg?fit=1195%2C516&ssl=1","jetpack_sharing_enabled":true,"jetpack_shortlink":"https:\/\/wp.me\/p8swp8-jJ","jetpack-related-posts":[{"id":1417,"url":"https:\/\/antoniopascotto.it\/?p=1417","url_meta":{"origin":1223,"position":0},"title":"BEATA SOLITUDINE","author":"Antonio Pascotto","date":"Gennaio 23, 2021","format":"image","excerpt":"Mai come in questo periodo ci sentiamo soli. Hai voglia a dire che su Facebook o su Instagram abbiamo migliaia e migliaia di contatti. \u201cIo ho 4mila amici su Facebook\u201d. \u201cIo 5mila, ho dovuto pure aprire un altro profilo, perch\u00e9 il primo non bastava\u201d. \u201cIo su Twitter ho fatto il\u2026","rel":"","context":"In &quot;Riflessioni&quot;","block_context":{"text":"Riflessioni","link":"https:\/\/antoniopascotto.it\/?cat=231"},"img":{"alt_text":"","src":"https:\/\/i0.wp.com\/antoniopascotto.it\/wp-content\/uploads\/2021\/01\/hopper.jpg?fit=729%2C394&ssl=1&resize=350%2C200","width":350,"height":200},"classes":[]},{"id":1638,"url":"https:\/\/antoniopascotto.it\/?p=1638","url_meta":{"origin":1223,"position":1},"title":"LA DISTRAZIONE","author":"Antonio Pascotto","date":"Gennaio 19, 2026","format":false,"excerpt":"Non dobbiamo farci distrarre da quello che combinano gli algoritmi. Ne ho parlato pi\u00f9 volte perch\u00e9 \u00e8 uno dei temi pi\u00f9 dibattuti di questi anni. Il flusso di informazioni \u00e8 continuo e la nostra capacit\u00e0 di riflettere prima di compiere un\u2019azione o di rilassarci dopo aver svolto un compito impegnativo\u2026","rel":"","context":"In &quot;Internet&quot;","block_context":{"text":"Internet","link":"https:\/\/antoniopascotto.it\/?cat=262"},"img":{"alt_text":"","src":"https:\/\/i0.wp.com\/antoniopascotto.it\/wp-content\/uploads\/2023\/06\/2023-06-01_064725.jpg?fit=828%2C406&ssl=1&resize=350%2C200","width":350,"height":200},"classes":[]},{"id":1263,"url":"https:\/\/antoniopascotto.it\/?p=1263","url_meta":{"origin":1223,"position":2},"title":"SOLITUDINE DIGITALE","author":"Antonio Pascotto","date":"Marzo 8, 2020","format":"image","excerpt":"Ci voleva il coronavirus per farci tornare con i piedi per terra. Nel senso che, con le limitazioni volute, a giusta ragione, dal governo, ora ci rendiamo conto di quanto sia triste non abbracciare gli amici, non stringere le mani a nessuno, non baciarsi sulla guancia in segno di saluto\u2026","rel":"","context":"In &quot;Digitale&quot;","block_context":{"text":"Digitale","link":"https:\/\/antoniopascotto.it\/?cat=21"},"img":{"alt_text":"","src":"https:\/\/i0.wp.com\/antoniopascotto.it\/wp-content\/uploads\/2020\/03\/Edvard-Munch-Melancholy-1894-96.jpg?fit=701%2C387&ssl=1&resize=350%2C200","width":350,"height":200},"classes":[]},{"id":859,"url":"https:\/\/antoniopascotto.it\/?p=859","url_meta":{"origin":1223,"position":3},"title":"POSTMODERNITA&#8217;","author":"Antonio Pascotto","date":"Marzo 18, 2019","format":"image","excerpt":"Siamo postmoderni, cio\u00e8 facciamo parte di un\u2019era che si basa sulla mercificazione del tempo e delle nostre esperienze. Siamo impegnati a regolare il tempo che consumiamo sui nostri device per partecipare alla rappresentazione digitale che ci vede impegnati direttamente come attori in un mondo che fabbrica emozioni e dove noi\u2026","rel":"","context":"In &quot;Attualit\u00e0&quot;","block_context":{"text":"Attualit\u00e0","link":"https:\/\/antoniopascotto.it\/?cat=37"},"img":{"alt_text":"","src":"https:\/\/i0.wp.com\/antoniopascotto.it\/wp-content\/uploads\/2019\/03\/2019-03-18_190950.jpg?fit=770%2C425&ssl=1&resize=350%2C200","width":350,"height":200},"classes":[]},{"id":1298,"url":"https:\/\/antoniopascotto.it\/?p=1298","url_meta":{"origin":1223,"position":4},"title":"LA REALTA&#8217; NON PUO&#8217; ESSERE QUESTA","author":"Antonio Pascotto","date":"Maggio 3, 2020","format":"image","excerpt":"Siamo passati dai discorsi sulla sicurezza di Internet a quelli sulla sicurezza personale e di tutto il mondo. La pandemia ha trasformato il nostro modo di pensare. E il luogo dove si annidavano pericoli ad ogni angolo, il Web, \u00e8 diventato quello dove si vive meglio, senza la paura di\u2026","rel":"","context":"In &quot;Digitale&quot;","block_context":{"text":"Digitale","link":"https:\/\/antoniopascotto.it\/?cat=21"},"img":{"alt_text":"","src":"https:\/\/i0.wp.com\/antoniopascotto.it\/wp-content\/uploads\/2020\/05\/2020-05-03_101208.png?fit=815%2C417&ssl=1&resize=350%2C200","width":350,"height":200},"classes":[]},{"id":1706,"url":"https:\/\/antoniopascotto.it\/?p=1706","url_meta":{"origin":1223,"position":5},"title":"ROMANZO DIGITALE","author":"Antonio Pascotto","date":"Gennaio 22, 2026","format":"image","excerpt":"Grazie a Fabio Gimignani e alla sua Jolly Roger per la presentazione del mio nuovo libro che uscir\u00e0 il 15 settembre. Spero che piaccia. Io ce l'ho messa tutta. Ecco la presentazione. Chi si ricorda ancora dei calendari a blocchetto? Quelli dai quali tutte le mattine si staccava il foglio\u2026","rel":"","context":"In &quot;Attualit\u00e0&quot;","block_context":{"text":"Attualit\u00e0","link":"https:\/\/antoniopascotto.it\/?cat=37"},"img":{"alt_text":"","src":"https:\/\/i0.wp.com\/antoniopascotto.it\/wp-content\/uploads\/2023\/07\/WhatsApp-Image-2023-07-28-at-11.34.12.jpeg?fit=1022%2C665&ssl=1&resize=350%2C200","width":350,"height":200},"classes":[]}],"_links":{"self":[{"href":"https:\/\/antoniopascotto.it\/index.php?rest_route=\/wp\/v2\/posts\/1223"}],"collection":[{"href":"https:\/\/antoniopascotto.it\/index.php?rest_route=\/wp\/v2\/posts"}],"about":[{"href":"https:\/\/antoniopascotto.it\/index.php?rest_route=\/wp\/v2\/types\/post"}],"author":[{"embeddable":true,"href":"https:\/\/antoniopascotto.it\/index.php?rest_route=\/wp\/v2\/users\/2"}],"replies":[{"embeddable":true,"href":"https:\/\/antoniopascotto.it\/index.php?rest_route=%2Fwp%2Fv2%2Fcomments&post=1223"}],"version-history":[{"count":2,"href":"https:\/\/antoniopascotto.it\/index.php?rest_route=\/wp\/v2\/posts\/1223\/revisions"}],"predecessor-version":[{"id":1296,"href":"https:\/\/antoniopascotto.it\/index.php?rest_route=\/wp\/v2\/posts\/1223\/revisions\/1296"}],"wp:featuredmedia":[{"embeddable":true,"href":"https:\/\/antoniopascotto.it\/index.php?rest_route=\/wp\/v2\/media\/1224"}],"wp:attachment":[{"href":"https:\/\/antoniopascotto.it\/index.php?rest_route=%2Fwp%2Fv2%2Fmedia&parent=1223"}],"wp:term":[{"taxonomy":"category","embeddable":true,"href":"https:\/\/antoniopascotto.it\/index.php?rest_route=%2Fwp%2Fv2%2Fcategories&post=1223"},{"taxonomy":"post_tag","embeddable":true,"href":"https:\/\/antoniopascotto.it\/index.php?rest_route=%2Fwp%2Fv2%2Ftags&post=1223"}],"curies":[{"name":"wp","href":"https:\/\/api.w.org\/{rel}","templated":true}]}}