{"id":1127,"date":"2019-09-30T06:30:19","date_gmt":"2019-09-30T06:30:19","guid":{"rendered":"http:\/\/antoniopascotto.it\/?p=1127"},"modified":"2020-12-23T19:26:16","modified_gmt":"2020-12-23T19:26:16","slug":"fabrizio-i-libri-e-il-lavoro","status":"publish","type":"post","link":"https:\/\/antoniopascotto.it\/?p=1127","title":{"rendered":"FABRIZIO, I LIBRI E IL LAVORO"},"content":{"rendered":"<blockquote><p>Uno dei miei scrittori preferiti \u00e8 senza dubbio Fabrizio Falconi, amico e collega di lunga data. Lavoriamo insieme a Mediaset da quasi 27 anni. Un bel po di tempo, non c&#8217;\u00e8 che dire. Ho letto quasi tutti i suoi libri. E ho cominciato a sfogliare il suo ultimo lavoro, interessantissimo, dal titolo PORPORA E NERO, un avvincente giallo sulla sparizione della Palla Sansonis, un preziosissimo reperto romano. Tra colpi di scena, incidenti e morti misteriose, il lettore rimane incollato alle pagine del volume fino a quando non scopre, assieme al protagonista del racconto, uno dei pi\u00f9 grandi segreti della storia di Roma. Pensate, quindi, qual \u00e8 stata la mia emozione quando ho letto la recensione di Fabrizio sul mio IL MONDO SENZA INTERNET.\u00a0L&#8217;ha pubblicata sul suo <a href=\"http:\/\/fabriziofalconi.blogspot.com\/2019\/09\/esce-in-libreria-il-mondo-senza.html\" target=\"_blank\" rel=\"noopener noreferrer\">blog<\/a>.\u00a0Un&#8217;occasione ghiotta per riproporla anche in questo spazio. Grazie Fabrizio. E a voi, come sempre, buona lettura.<\/p><\/blockquote>\n<p>Un libro davvero originale e fuori dal coro.<\/p>\n<p>Un brillante giornalista italiano si inventa un libro che non \u00e8 propriamente n\u00e9 un romanzo, n\u00e9 un saggio, n\u00e9 un pamphlet, n\u00e9 una autofiction, cos\u00ec di voga nel mercato editoriale, ma tutte queste cose insieme.<\/p>\n<p>Partendo da una semplice e felice intuizione &#8211; quella di svegliarsi una mattina e scoprire che, per ragioni di sicurezza mondiali, l&#8217;intera rete web del pianeta \u00e8 stata spenta, azzerata &#8211; Pascotto, con l&#8217;apparenza di raccontarci una sorta di cyber-thriller, insomma un romanzo di suspense &#8220;telematica&#8221;, tutto giocato sull&#8217;uso dei sistemi digitali nelle vite delle persone, ci regala invece un documentatissimo saggio sui rischi, le patologie, le deformazioni, le paranoie, i cambiamenti sociali ed epocali, i deliri da astinenza, la postmodernit\u00e0, e pi\u00f9 in generale sulla felicit\u00e0 umana, ormai cos\u00ec strettamente connessa ai meccanismi &#8220;perversi&#8221; degli algoritmi.<\/p>\n<p>Si scoprono cos\u00ec dati inquietanti &#8211; il 17.6% dei bambini italiani tra i 4 e 10 anni possiede uno smartphone; le distorsioni della cosiddetta Generazione X, quella cio\u00e8 dei nati tra la seconda met\u00e0 degli anni Novanta e il 2010; le frontiere ansiogene della Psicotecnologia, cio\u00e8 l&#8217;estensione, attraverso un sistema di elaborazione dell&#8217;informazione, di alcune delle propriet\u00e0 psicologiche della nostra mente; quelle della intelligenza artificiale che, in mancanza di un serio controllo, come avverte il fondatore di Android, Andy Rubin, potrebbe costituire un pericolo per la sopravvivenza stessa del mondo degli umani, come aveva gi\u00e0 profetizzato Stanley Kubrick in 2001 Odissea nello spazio; oppure il semplice dato &#8211; spaventoso &#8211; che ciascuno di noi, secondo una ricerca della societ\u00e0 americana Dscount&#8217;s tocca lo schermo del proprio cellulare 2617 volte al giorno.<\/p>\n<p>Insomma, per chi \u00e8 ghiotto di informazioni su una materia cos\u00ec pervadente e attuale del nostro tempo, questo libro spalanca conoscenze e orizzonti, e allo stesso tempo mantiene sempre desta l&#8217;attenzione grazie alla messa in scena di uno scenario &#8220;da fantascienza&#8221; che forse non \u00e8 cos\u00ec lontano dall&#8217;esserlo.<\/p>\n<p>Un libro che si interroga su questioni che riguardano tutti noi e che ci costringono a domandarci cosa sia oggi l&#8217;umano, come esso sopravviva e se sopravviva alla tirannia della tecnologia e dei meccanismi economici che essa governa e su cui sono basati. Analisi, razionalit\u00e0, ricavi, economia, mercato. Sembra davvero che l&#8217;unica chance per l&#8217;uomo per non tradire la sua anima sia quella di coltivare, di dare sempre pi\u00f9 spazio al proprio istinto primario, irrazionale, folle, grazie al quale anche la tecnologia \u00e8 nata, come prodotto umano. Del resto &#8220;rimanere folli&#8221; \u00e8 proprio quel comandamento che uno dei pi\u00f9 grandi &#8220;guru&#8221; tecnologici, forse quello che pi\u00f9 ha cambiato le nostre vite, Steve Jobs, ci ha lasciato.<\/p>\n<p>Fabrizio Falconi<\/p>\n<p>Antonio Pascotto<br \/>\nIl Mondo Senza Internet<br \/>\nConnessione e ossessioni<br \/>\nDallo scandalo Facebook alla Quiete digitale<br \/>\nMale Edizioni<br \/>\n2019, Roma,<br \/>\np. 225 Euro 15<\/p>\n<p><img data-attachment-id=\"1128\" data-permalink=\"https:\/\/antoniopascotto.it\/?attachment_id=1128\" data-orig-file=\"https:\/\/i0.wp.com\/antoniopascotto.it\/wp-content\/uploads\/2019\/09\/IMG_20190915_123513.jpg?fit=4896%2C6528&amp;ssl=1\" data-orig-size=\"4896,6528\" data-comments-opened=\"1\" data-image-meta=\"{&quot;aperture&quot;:&quot;2&quot;,&quot;credit&quot;:&quot;&quot;,&quot;camera&quot;:&quot;VOG-L29&quot;,&quot;caption&quot;:&quot;&quot;,&quot;created_timestamp&quot;:&quot;1568550915&quot;,&quot;copyright&quot;:&quot;&quot;,&quot;focal_length&quot;:&quot;3.36&quot;,&quot;iso&quot;:&quot;320&quot;,&quot;shutter_speed&quot;:&quot;0.03&quot;,&quot;title&quot;:&quot;&quot;,&quot;orientation&quot;:&quot;0&quot;}\" data-image-title=\"IMG_20190915_123513\" data-image-description=\"\" data-image-caption=\"\" data-medium-file=\"https:\/\/i0.wp.com\/antoniopascotto.it\/wp-content\/uploads\/2019\/09\/IMG_20190915_123513.jpg?fit=225%2C300&amp;ssl=1\" data-large-file=\"https:\/\/i0.wp.com\/antoniopascotto.it\/wp-content\/uploads\/2019\/09\/IMG_20190915_123513.jpg?fit=768%2C1024&amp;ssl=1\" decoding=\"async\" loading=\"lazy\" class=\"alignleft size-medium wp-image-1128\" src=\"https:\/\/i0.wp.com\/antoniopascotto.it\/wp-content\/uploads\/2019\/09\/IMG_20190915_123513.jpg?resize=225%2C300\" alt=\"\" width=\"225\" height=\"300\" srcset=\"https:\/\/i0.wp.com\/antoniopascotto.it\/wp-content\/uploads\/2019\/09\/IMG_20190915_123513.jpg?resize=225%2C300&amp;ssl=1 225w, https:\/\/i0.wp.com\/antoniopascotto.it\/wp-content\/uploads\/2019\/09\/IMG_20190915_123513.jpg?resize=768%2C1024&amp;ssl=1 768w, https:\/\/i0.wp.com\/antoniopascotto.it\/wp-content\/uploads\/2019\/09\/IMG_20190915_123513.jpg?w=2000 2000w, https:\/\/i0.wp.com\/antoniopascotto.it\/wp-content\/uploads\/2019\/09\/IMG_20190915_123513.jpg?w=3000 3000w\" sizes=\"(max-width: 225px) 100vw, 225px\" data-recalc-dims=\"1\" \/><\/p>\n","protected":false},"excerpt":{"rendered":"<p>Uno dei miei scrittori preferiti \u00e8 senza dubbio Fabrizio Falconi, amico e collega di lunga data. Lavoriamo insieme a Mediaset da quasi 27 anni. Un bel po di tempo, non c&#8217;\u00e8 che dire. Ho letto quasi tutti i suoi libri. E ho cominciato a sfogliare il suo ultimo lavoro, interessantissimo, dal titolo PORPORA E NERO, [&hellip;]<\/p>\n","protected":false},"author":2,"featured_media":1129,"comment_status":"open","ping_status":"open","sticky":false,"template":"","format":"image","meta":{"advanced_seo_description":"","jetpack_seo_html_title":"","jetpack_seo_noindex":false,"jetpack_post_was_ever_published":false,"_jetpack_newsletter_access":"","jetpack_publicize_message":"","jetpack_is_tweetstorm":false,"jetpack_publicize_feature_enabled":true,"jetpack_social_post_already_shared":true,"jetpack_social_options":{"image_generator_settings":{"template":"highway","enabled":false}}},"categories":[72,21,22,262,6,104,9],"tags":[290,96,26,288,280,97,151,289,287],"jetpack_publicize_connections":[],"jetpack_featured_media_url":"https:\/\/i0.wp.com\/antoniopascotto.it\/wp-content\/uploads\/2019\/09\/2019-09-30_082847.jpg?fit=467%2C307&ssl=1","jetpack_sharing_enabled":true,"jetpack_shortlink":"https:\/\/wp.me\/p8swp8-ib","jetpack-related-posts":[{"id":395,"url":"https:\/\/antoniopascotto.it\/?p=395","url_meta":{"origin":1127,"position":0},"title":"LE ROVINE E L\u2019OMBRA. IL NUOVO LIBRO DI FABRIZIO FALCONI","author":"Antonio Pascotto","date":"Settembre 19, 2017","format":"gallery","excerpt":"Quando, alcuni mesi or sono, il mio collega e amico fraterno Fabrizio Falconi mi annunci\u00f2 il titolo del suo ultimo libro, Le rovine e l\u2019ombra, immediatamente il mio pensiero torn\u00f2 a un periodo nefasto per la mia provincia, l\u2019Irpinia, devastata dal terribile sisma del 23 novembre 1980. Nei miei occhi\u2026","rel":"","context":"In &quot;Cultura&quot;","block_context":{"text":"Cultura","link":"https:\/\/antoniopascotto.it\/?cat=72"},"img":{"alt_text":"","src":"https:\/\/i0.wp.com\/antoniopascotto.it\/wp-content\/uploads\/2017\/09\/81kheoBSUYL.jpg?fit=846%2C1200&ssl=1&resize=350%2C200","width":350,"height":200},"classes":[]},{"id":907,"url":"https:\/\/antoniopascotto.it\/?p=907","url_meta":{"origin":1127,"position":1},"title":"IL MONDO SENZA INTERNET. IL FOTORACCONTO","author":"Antonio Pascotto","date":"Agosto 3, 2019","format":"image","excerpt":"Alla presentazione del mio libro, IL MONDO SENZA INTERNET, ci siamo proprio divertiti. Si, perch\u00e9 per me la presentazione di un lavoro \u00e8 anche un momento per stare insieme con gli amici, guardandosi negli occhi, interagendo con il fisico e con la mente. Cose che online non si possono fare.\u2026","rel":"","context":"In &quot;Digitale&quot;","block_context":{"text":"Digitale","link":"https:\/\/antoniopascotto.it\/?cat=21"},"img":{"alt_text":"","src":"https:\/\/i0.wp.com\/antoniopascotto.it\/wp-content\/uploads\/2019\/08\/2019-07-12_101142.jpg?fit=1200%2C739&ssl=1&resize=350%2C200","width":350,"height":200},"classes":[]},{"id":1154,"url":"https:\/\/antoniopascotto.it\/?p=1154","url_meta":{"origin":1127,"position":2},"title":"UN PREMIO PER IL MONDO SENZA INTERNET","author":"Antonio Pascotto","date":"Ottobre 13, 2019","format":"image","excerpt":"Quando si riceve un premio \u00e8 sempre un momento bellissimo. E' il riconoscimento per il lavoro svolto, per qualcosa su cui hai veramente creduto. Il Mondo Senza Internet \u00e8 il frutto di alcuni mesi di lavoro tra creativit\u00e0, riflessioni, letture, ricerche. E quando ti accorgi che il tempo che hai\u2026","rel":"","context":"In &quot;Cultura&quot;","block_context":{"text":"Cultura","link":"https:\/\/antoniopascotto.it\/?cat=72"},"img":{"alt_text":"","src":"https:\/\/i0.wp.com\/antoniopascotto.it\/wp-content\/uploads\/2019\/10\/FAHO3249.jpg?fit=1200%2C900&ssl=1&resize=350%2C200","width":350,"height":200},"classes":[]},{"id":2042,"url":"https:\/\/antoniopascotto.it\/?p=2042","url_meta":{"origin":1127,"position":3},"title":"PREMIO LETTERARIO INTERNAZIONALE CITTA&#8217; DI CATTOLICA PER ROMANZO DIGITALE","author":"Antonio Pascotto","date":"Gennaio 26, 2026","format":"image","excerpt":"Una serata speciale, dedicata ai libri scelti dalla giuria del Premio Letterario Internazionale Citt\u00e0 di Cattolica. Quest'anno, sul palco del Teatro della Regina, che ospita la famosa kermesse, sono saliti, per i primi due premi della manifestazione dedicati alle opere edite, Mirco Dondi, membro del Centre de Recherches Italiennes Romanes\u2026","rel":"","context":"In &quot;Cultura&quot;","block_context":{"text":"Cultura","link":"https:\/\/antoniopascotto.it\/?cat=72"},"img":{"alt_text":"","src":"https:\/\/i0.wp.com\/antoniopascotto.it\/wp-content\/uploads\/2024\/04\/2024-04-29_232143.jpg?fit=1163%2C521&ssl=1&resize=350%2C200","width":350,"height":200},"classes":[]},{"id":2085,"url":"https:\/\/antoniopascotto.it\/?p=2085","url_meta":{"origin":1127,"position":4},"title":"ROMANZO DIGITALE. IL NUOVO LIBRO DI ANTONIO PASCOTTO PRESENTATO A BANCA GENERALI DI ROMA","author":"Antonio Pascotto","date":"Gennaio 26, 2026","format":"image","excerpt":"ROMA \u2013 Un nuovo appuntamento con il pubblico per Antonio Pascotto e il suo Romanzo Digitale. Nella sala riunioni di Banca Generali, a Roma, il giornalista Mediaset ha presentato il libro, edito da Jolly Roger, che affronta una serie di temi analizzati con gli interventi di Sara Manfuso, firma del\u2026","rel":"","context":"In &quot;Intelligenza Artificiale&quot;","block_context":{"text":"Intelligenza Artificiale","link":"https:\/\/antoniopascotto.it\/?cat=400"},"img":{"alt_text":"","src":"https:\/\/i0.wp.com\/antoniopascotto.it\/wp-content\/uploads\/2024\/09\/2024-09-24_100235.jpg?fit=904%2C331&ssl=1&resize=350%2C200","width":350,"height":200},"classes":[]},{"id":1210,"url":"https:\/\/antoniopascotto.it\/?p=1210","url_meta":{"origin":1127,"position":5},"title":"DA &#8216;SCONNESSI&#8217; ALLA PREFAZIONE DEL MIO LIBRO. GRAZIE CHRISTIAN","author":"Antonio Pascotto","date":"Dicembre 16, 2019","format":"image","excerpt":"Christian Marazziti non \u00e8 solo un regista di successo. Scrive testi teatrali, \u00e8 un ottimo attore, ma soprattutto \u00e8 una persona sensibile, capace di affrontare i temi pi\u00f9 delicati con una professionalit\u00e0 fuori dal comune. Lo dimostra uno dei suoi ultimi lavori, una web serie dove si racconta l'impatto della\u2026","rel":"","context":"In &quot;Cultura&quot;","block_context":{"text":"Cultura","link":"https:\/\/antoniopascotto.it\/?cat=72"},"img":{"alt_text":"","src":"https:\/\/i0.wp.com\/antoniopascotto.it\/wp-content\/uploads\/2019\/12\/Antonio-Pascotto-e-Christian-Marazziti-2.jpg?fit=846%2C423&ssl=1&resize=350%2C200","width":350,"height":200},"classes":[]}],"_links":{"self":[{"href":"https:\/\/antoniopascotto.it\/index.php?rest_route=\/wp\/v2\/posts\/1127"}],"collection":[{"href":"https:\/\/antoniopascotto.it\/index.php?rest_route=\/wp\/v2\/posts"}],"about":[{"href":"https:\/\/antoniopascotto.it\/index.php?rest_route=\/wp\/v2\/types\/post"}],"author":[{"embeddable":true,"href":"https:\/\/antoniopascotto.it\/index.php?rest_route=\/wp\/v2\/users\/2"}],"replies":[{"embeddable":true,"href":"https:\/\/antoniopascotto.it\/index.php?rest_route=%2Fwp%2Fv2%2Fcomments&post=1127"}],"version-history":[{"count":1,"href":"https:\/\/antoniopascotto.it\/index.php?rest_route=\/wp\/v2\/posts\/1127\/revisions"}],"predecessor-version":[{"id":1130,"href":"https:\/\/antoniopascotto.it\/index.php?rest_route=\/wp\/v2\/posts\/1127\/revisions\/1130"}],"wp:featuredmedia":[{"embeddable":true,"href":"https:\/\/antoniopascotto.it\/index.php?rest_route=\/wp\/v2\/media\/1129"}],"wp:attachment":[{"href":"https:\/\/antoniopascotto.it\/index.php?rest_route=%2Fwp%2Fv2%2Fmedia&parent=1127"}],"wp:term":[{"taxonomy":"category","embeddable":true,"href":"https:\/\/antoniopascotto.it\/index.php?rest_route=%2Fwp%2Fv2%2Fcategories&post=1127"},{"taxonomy":"post_tag","embeddable":true,"href":"https:\/\/antoniopascotto.it\/index.php?rest_route=%2Fwp%2Fv2%2Ftags&post=1127"}],"curies":[{"name":"wp","href":"https:\/\/api.w.org\/{rel}","templated":true}]}}